{"id":547846,"date":"2026-04-27T10:02:06","date_gmt":"2026-04-27T10:02:06","guid":{"rendered":"https:\/\/www.sarlux.saras.it\/?p=547846"},"modified":"2026-04-27T10:02:06","modified_gmt":"2026-04-27T10:02:06","slug":"laboratory-day-con-istituto-comprensivo-statale-di-sarroch","status":"publish","type":"post","link":"https:\/\/www.sarlux.saras.it\/it\/laboratory-day-con-istituto-comprensivo-statale-di-sarroch\/","title":{"rendered":"Laboratory Day con Istituto Comprensivo Statale di Sarroch"},"content":{"rendered":"<div class=\"wpb-content-wrapper\"><p>[vc_row][vc_column][vc_column_text css=&#8221;&#8221;]Il 22 aprile, Saras tramite la controllata Sarlux e in collaborazione con l\u2019Istituto Comprensivo Statale di Sarroch, ha inaugurato il rinnovato laboratorio chimico della scuola.<\/p>\n<p>L\u2019iniziativa, denominata \u201cLaboratory Day\u201d, nasce con un obiettivo chiaro: creare valore per il territorio attraverso la conoscenza, avvicinando concretamente il mondo della scuola a quello industriale. Un progetto che mette al centro i giovani e il loro futuro, offrendo strumenti, esperienze e stimoli fondamentali per la loro crescita.[\/vc_column_text][vc_empty_space height=&#8221;16px&#8221;][\/vc_column][\/vc_row][vc_row][vc_column width=&#8221;1\/2&#8243;]\n\t\t\t<!-- START Laboratory day REVOLUTION SLIDER 6.6.14 --><p class=\"rs-p-wp-fix\"><\/p>\n\t\t\t<rs-module-wrap id=\"rev_slider_147_1_wrapper\" data-source=\"gallery\" style=\"visibility:hidden;background:transparent;padding:0;margin:0px auto;margin-top:0;margin-bottom:0;\">\n\t\t\t\t<rs-module id=\"rev_slider_147_1\" style=\"\" data-version=\"6.6.14\">\n\t\t\t\t\t<rs-slides style=\"overflow: hidden; position: absolute;\">\n\t\t\t\t\t\t<rs-slide style=\"position: absolute;\" data-key=\"rs-1711\" data-title=\"Slide\" data-thumb=\"\/\/www.sarlux.saras.it\/wp-content\/uploads\/revslider\/laboratory-day\/06-Saras-Sarlux-Laboratorio-chimico-Istituto-Sarroch.jpg\" data-in=\"o:0;\" data-out=\"a:false;\">\n\t\t\t\t\t\t\t<img decoding=\"async\" src=\"\/\/www.sarlux.saras.it\/wp-content\/plugins\/revslider\/public\/assets\/assets\/dummy.png\" alt=\"\" title=\"06-Saras-Sarlux-Laboratorio-chimico-Istituto-Sarroch.jpg\" width=\"1200\" height=\"800\" class=\"rev-slidebg tp-rs-img rs-lazyload\" data-lazyload=\"\/\/www.sarlux.saras.it\/wp-content\/uploads\/revslider\/laboratory-day\/06-Saras-Sarlux-Laboratorio-chimico-Istituto-Sarroch.jpg\" data-no-retina>\n<!---->\t\t\t\t\t\t<\/rs-slide>\n\t\t\t\t\t\t<rs-slide style=\"position: absolute;\" data-key=\"rs-1712\" data-title=\"Slide\" data-thumb=\"\/\/www.sarlux.saras.it\/wp-content\/uploads\/revslider\/laboratory-day\/05-Saras-Sarlux-Laboratorio-chimico-Istituto-Sarroch.jpg\" data-in=\"o:0;\" data-out=\"a:false;\">\n\t\t\t\t\t\t\t<img decoding=\"async\" src=\"\/\/www.sarlux.saras.it\/wp-content\/plugins\/revslider\/public\/assets\/assets\/dummy.png\" alt=\"\" title=\"05-Saras-Sarlux-Laboratorio-chimico-Istituto-Sarroch.jpg\" width=\"1200\" height=\"800\" class=\"rev-slidebg tp-rs-img rs-lazyload\" data-lazyload=\"\/\/www.sarlux.saras.it\/wp-content\/uploads\/revslider\/laboratory-day\/05-Saras-Sarlux-Laboratorio-chimico-Istituto-Sarroch.jpg\" data-no-retina>\n<!---->\t\t\t\t\t\t<\/rs-slide>\n\t\t\t\t\t\t<rs-slide style=\"position: absolute;\" data-key=\"rs-1713\" data-title=\"Slide\" data-thumb=\"\/\/www.sarlux.saras.it\/wp-content\/uploads\/revslider\/laboratory-day\/04-Saras-Sarlux-Laboratorio-chimico-Istituto-Sarroch.jpg\" data-in=\"o:0;\" data-out=\"a:false;\">\n\t\t\t\t\t\t\t<img decoding=\"async\" src=\"\/\/www.sarlux.saras.it\/wp-content\/plugins\/revslider\/public\/assets\/assets\/dummy.png\" alt=\"\" title=\"04-Saras-Sarlux-Laboratorio-chimico-Istituto-Sarroch.jpg\" width=\"1200\" height=\"800\" class=\"rev-slidebg tp-rs-img rs-lazyload\" data-lazyload=\"\/\/www.sarlux.saras.it\/wp-content\/uploads\/revslider\/laboratory-day\/04-Saras-Sarlux-Laboratorio-chimico-Istituto-Sarroch.jpg\" data-no-retina>\n<!---->\t\t\t\t\t\t<\/rs-slide>\n\t\t\t\t\t\t<rs-slide style=\"position: absolute;\" data-key=\"rs-1714\" data-title=\"Slide\" data-thumb=\"\/\/www.sarlux.saras.it\/wp-content\/uploads\/revslider\/laboratory-day\/03-Saras-Sarlux-Laboratorio-chimico-Istituto-Sarroch.jpg\" data-in=\"o:0;\" data-out=\"a:false;\">\n\t\t\t\t\t\t\t<img decoding=\"async\" src=\"\/\/www.sarlux.saras.it\/wp-content\/plugins\/revslider\/public\/assets\/assets\/dummy.png\" alt=\"\" title=\"03-Saras-Sarlux-Laboratorio-chimico-Istituto-Sarroch.jpg\" width=\"1200\" height=\"800\" class=\"rev-slidebg tp-rs-img rs-lazyload\" data-lazyload=\"\/\/www.sarlux.saras.it\/wp-content\/uploads\/revslider\/laboratory-day\/03-Saras-Sarlux-Laboratorio-chimico-Istituto-Sarroch.jpg\" data-no-retina>\n<!---->\t\t\t\t\t\t<\/rs-slide>\n\t\t\t\t\t\t<rs-slide style=\"position: absolute;\" data-key=\"rs-1715\" data-title=\"Slide\" data-thumb=\"\/\/www.sarlux.saras.it\/wp-content\/uploads\/revslider\/laboratory-day\/02-Saras-Sarlux-Laboratorio-chimico-Istituto-Sarroch.jpg\" data-in=\"o:0;\" data-out=\"a:false;\">\n\t\t\t\t\t\t\t<img decoding=\"async\" src=\"\/\/www.sarlux.saras.it\/wp-content\/plugins\/revslider\/public\/assets\/assets\/dummy.png\" alt=\"\" title=\"02-Saras-Sarlux-Laboratorio-chimico-Istituto-Sarroch.jpg\" width=\"1200\" height=\"800\" class=\"rev-slidebg tp-rs-img rs-lazyload\" data-lazyload=\"\/\/www.sarlux.saras.it\/wp-content\/uploads\/revslider\/laboratory-day\/02-Saras-Sarlux-Laboratorio-chimico-Istituto-Sarroch.jpg\" data-no-retina>\n<!---->\t\t\t\t\t\t<\/rs-slide>\n\t\t\t\t\t\t<rs-slide style=\"position: absolute;\" data-key=\"rs-1716\" data-title=\"Slide\" data-thumb=\"\/\/www.sarlux.saras.it\/wp-content\/uploads\/revslider\/laboratory-day\/01-Saras-Sarlux-Laboratorio-chimico-Istituto-Sarroch.jpg\" data-in=\"o:0;\" data-out=\"a:false;\">\n\t\t\t\t\t\t\t<img decoding=\"async\" src=\"\/\/www.sarlux.saras.it\/wp-content\/plugins\/revslider\/public\/assets\/assets\/dummy.png\" alt=\"\" title=\"01-Saras-Sarlux-Laboratorio-chimico-Istituto-Sarroch.jpg\" width=\"1200\" height=\"800\" class=\"rev-slidebg tp-rs-img rs-lazyload\" data-lazyload=\"\/\/www.sarlux.saras.it\/wp-content\/uploads\/revslider\/laboratory-day\/01-Saras-Sarlux-Laboratorio-chimico-Istituto-Sarroch.jpg\" data-no-retina>\n<!---->\t\t\t\t\t\t<\/rs-slide>\n\t\t\t\t\t<\/rs-slides>\n\t\t\t\t<\/rs-module>\n\t\t\t\t<script>\n\t\t\t\t\tsetREVStartSize({c: 'rev_slider_147_1',rl:[1240,1024,778,480],el:[800],gw:[1200],gh:[800],type:'standard',justify:'',layout:'fullwidth',mh:\"0\"});if (window.RS_MODULES!==undefined && window.RS_MODULES.modules!==undefined && window.RS_MODULES.modules[\"revslider1471\"]!==undefined) {window.RS_MODULES.modules[\"revslider1471\"].once = false;window.revapi147 = undefined;if (window.RS_MODULES.checkMinimal!==undefined) window.RS_MODULES.checkMinimal()}\n\t\t\t\t<\/script>\n\t\t\t<\/rs-module-wrap>\n\t\t\t<!-- END REVOLUTION SLIDER -->\n[\/vc_column][vc_column width=&#8221;1\/2&#8243;][vc_column_text css=&#8221;&#8221;]<strong>Non solo teoria, ma anche esperienza diretta:<\/strong><\/p>\n<p>Gli studenti delle classi prime, seconde e terze hanno intrapreso un percorso educativo che unisce scienza, sicurezza e rispetto dei beni comuni. Dopo una prima parte teorica ed introduttiva, i ragazzi hanno partecipato ad attivit\u00e0 pratiche di laboratorio, affiancati dai tecnici Sarlux, eseguendo misurazioni del pH su diverse soluzioni e sperimentanto attivit\u00e0 sulla densit\u00e0. Un modo concreto per rendere la scienza accessibile, stimolante e vicina alla realt\u00e0.<\/p>\n<p>Il percorso continuer\u00e0 poi nel mese di settembre con due incontri tecnici di approfondimento dedicato ai docenti, che faranno anche una visita al laboratorio chimico Sarlux, rafforzando ulteriormente il dialogo tra scuola e impresa e creando nuove opportunit\u00e0 di collaborazione.<\/p>\n<p>In ciascuna delle fasi del percorso, la cultura della sicurezza rappresenter\u00e0 sempre l\u2019elemento portante, per formare cittadini consapevoli e per garantire l\u2019incolumit\u00e0 propria e delle altre persone.[\/vc_column_text][\/vc_column][\/vc_row][vc_row][vc_column][vc_empty_space height=&#8221;16px&#8221;][vc_column_text css=&#8221;&#8221;]<\/p>\n<div class=\"elementToProof\">\n<div class=\"elementToProof\">\n<p><strong>Competenza, innovazione e condivisione con il territorio:<\/strong><\/p>\n<p>Il laboratorio Sarlux \u00e8 accreditato ISO 9001:2015 (in ambito gestione della qualit\u00e0) ed ISO\/IEC 17025:2018 (in ambito gestione delle prove e tarature), e rappresenta un punto di riferimento internazionale, grazie a tecnologie avanzate e professionisti altamente qualificati, che garantiscono un livello elevatissimo di affidabilit\u00e0 e rigore dei processi.<\/p>\n<p>In questo contesto, il trasferimento delle conoscenze gioca un ruolo fondamentale. Condividere competenze ed esperienze con le nuove generazioni significa offrire loro opportunit\u00e0 concrete di crescita, alimentare la curiosit\u00e0 scientifica e contribuire alla formazione di cittadini pi\u00f9 consapevoli.<\/p>\n<p>Investire nella formazione e nella cultura della sicurezza oggi significa costruire le basi per uno sviluppo sostenibile domani, rafforzando il legame tra impresa e comunit\u00e0 e generando valore duraturo per tutto il territorio.<\/p><\/div>\n<\/div>\n<p>[\/vc_column_text][vc_empty_space height=&#8221;16px&#8221;][\/vc_column][\/vc_row][vc_row][vc_column][vc_icon icon_fontawesome=&#8221;fa fa-cog&#8221; size=&#8221;sm&#8221; align=&#8221;center&#8221;][vc_column_text css=&#8221;&#8221;][\/vc_column_text][vc_empty_space height=&#8221;16px&#8221;][\/vc_column][\/vc_row][vc_row full_width=&#8221;stretch_row&#8221; bg_type=&#8221;bg_color&#8221;][vc_column][vc_single_image image=&#8221;534688&#8243; img_size=&#8221;full&#8221; alignment=&#8221;center&#8221;][vc_empty_space][\/vc_column][\/vc_row]<\/p>\n<\/div>","protected":false},"excerpt":{"rendered":"<p>Il 22 aprile, Saras tramite la controllata Sarlux e in collaborazione con l\u2019Istituto Comprensivo Statale di Sarroch, ha inaugurato il rinnovato laboratorio chimico della scuola. Un progetto che mette al centro i giovani e il loro futuro, offrendo strumenti, esperienze e stimoli fondamentali per la loro crescita.<\/p>\n","protected":false},"author":36,"featured_media":547848,"comment_status":"closed","ping_status":"open","sticky":false,"template":"","format":"standard","meta":{"_acf_changed":false,"inline_featured_image":false,"footnotes":""},"categories":[26,17],"tags":[62,138,471,35,135,29,50,53,71,132,114],"class_list":["post-547846","post","type-post","status-publish","format-standard","has-post-thumbnail","hentry","category-home-it","category-news","tag-borsa-studio","tag-cultura","tag-diritto-allo-studio","tag-educazione","tag-formazione","tag-impegno-sociale","tag-saras","tag-sarlux","tag-sarroch","tag-scuola","tag-territorio"],"acf":[],"yoast_head":"<!-- This site is optimized with the Yoast SEO plugin v27.3 - https:\/\/yoast.com\/product\/yoast-seo-wordpress\/ -->\n<title>Laboratory Day con Istituto Comprensivo Statale di Sarroch - Sarlux Saras | Refining &amp; Power<\/title>\n<meta name=\"description\" content=\"Il 22 aprile, Saras tramite la controllata Sarlux e in collaborazione con l\u2019Istituto Comprensivo Statale di Sarroch, ha inaugurato il rinnovato laboratorio chimico della scuola. Un progetto che mette al centro i giovani e il loro futuro, offrendo strumenti, esperienze e stimoli fondamentali per la loro crescita.\" \/>\n<meta name=\"robots\" content=\"index, follow, max-snippet:-1, max-image-preview:large, max-video-preview:-1\" \/>\n<link rel=\"canonical\" href=\"https:\/\/www.sarlux.saras.it\/it\/laboratory-day-con-istituto-comprensivo-statale-di-sarroch\/\" \/>\n<meta property=\"og:locale\" content=\"it_IT\" \/>\n<meta property=\"og:type\" content=\"article\" \/>\n<meta property=\"og:title\" content=\"Laboratory Day con Istituto Comprensivo Statale di Sarroch - Sarlux Saras | Refining &amp; Power\" \/>\n<meta property=\"og:description\" content=\"Il 22 aprile, Saras tramite la controllata Sarlux e in collaborazione con l\u2019Istituto Comprensivo Statale di Sarroch, ha inaugurato il rinnovato laboratorio chimico della scuola. Un progetto che mette al centro i giovani e il loro futuro, offrendo strumenti, esperienze e stimoli fondamentali per la loro crescita.\" \/>\n<meta property=\"og:url\" content=\"https:\/\/www.sarlux.saras.it\/it\/laboratory-day-con-istituto-comprensivo-statale-di-sarroch\/\" \/>\n<meta property=\"og:site_name\" content=\"Sarlux Saras | Refining &amp; Power\" \/>\n<meta property=\"article:published_time\" content=\"2026-04-27T10:02:06+00:00\" \/>\n<meta property=\"og:image\" content=\"https:\/\/www.sarlux.saras.it\/wp-content\/uploads\/2026\/04\/cover-Saras-Sarlux-Laboratorio-chimico-Istituto-Sarroch.jpg\" \/>\n\t<meta property=\"og:image:width\" content=\"990\" \/>\n\t<meta property=\"og:image:height\" content=\"450\" \/>\n\t<meta property=\"og:image:type\" content=\"image\/jpeg\" \/>\n<meta name=\"author\" content=\"Alberto Soi\" \/>\n<meta name=\"twitter:card\" content=\"summary_large_image\" \/>\n<meta name=\"twitter:label1\" content=\"Scritto da\" \/>\n\t<meta name=\"twitter:data1\" content=\"Alberto Soi\" \/>\n\t<meta name=\"twitter:label2\" content=\"Tempo di lettura stimato\" \/>\n\t<meta name=\"twitter:data2\" content=\"3 minuti\" \/>\n<script type=\"application\/ld+json\" class=\"yoast-schema-graph\">{\"@context\":\"https:\\\/\\\/schema.org\",\"@graph\":[{\"@type\":\"Article\",\"@id\":\"https:\\\/\\\/www.sarlux.saras.it\\\/it\\\/laboratory-day-con-istituto-comprensivo-statale-di-sarroch\\\/#article\",\"isPartOf\":{\"@id\":\"https:\\\/\\\/www.sarlux.saras.it\\\/it\\\/laboratory-day-con-istituto-comprensivo-statale-di-sarroch\\\/\"},\"author\":{\"name\":\"Alberto Soi\",\"@id\":\"https:\\\/\\\/www.sarlux.saras.it\\\/it\\\/#\\\/schema\\\/person\\\/f369fc2d7dbcc34d69a0975e8fe360af\"},\"headline\":\"Laboratory Day con Istituto Comprensivo Statale di Sarroch\",\"datePublished\":\"2026-04-27T10:02:06+00:00\",\"mainEntityOfPage\":{\"@id\":\"https:\\\/\\\/www.sarlux.saras.it\\\/it\\\/laboratory-day-con-istituto-comprensivo-statale-di-sarroch\\\/\"},\"wordCount\":481,\"publisher\":{\"@id\":\"https:\\\/\\\/www.sarlux.saras.it\\\/it\\\/#organization\"},\"image\":{\"@id\":\"https:\\\/\\\/www.sarlux.saras.it\\\/it\\\/laboratory-day-con-istituto-comprensivo-statale-di-sarroch\\\/#primaryimage\"},\"thumbnailUrl\":\"https:\\\/\\\/www.sarlux.saras.it\\\/wp-content\\\/uploads\\\/2026\\\/04\\\/cover-Saras-Sarlux-Laboratorio-chimico-Istituto-Sarroch.jpg\",\"keywords\":[\"Borsa studio\",\"cultura\",\"diritto allo studio\",\"Educazione\",\"formazione\",\"Impegno sociale\",\"Saras\",\"Sarlux\",\"Sarroch\",\"scuola\",\"territorio\"],\"articleSection\":[\"home\",\"News\"],\"inLanguage\":\"it-IT\"},{\"@type\":\"WebPage\",\"@id\":\"https:\\\/\\\/www.sarlux.saras.it\\\/it\\\/laboratory-day-con-istituto-comprensivo-statale-di-sarroch\\\/\",\"url\":\"https:\\\/\\\/www.sarlux.saras.it\\\/it\\\/laboratory-day-con-istituto-comprensivo-statale-di-sarroch\\\/\",\"name\":\"Laboratory Day con Istituto Comprensivo Statale di Sarroch - Sarlux Saras | Refining & Power\",\"isPartOf\":{\"@id\":\"https:\\\/\\\/www.sarlux.saras.it\\\/it\\\/#website\"},\"primaryImageOfPage\":{\"@id\":\"https:\\\/\\\/www.sarlux.saras.it\\\/it\\\/laboratory-day-con-istituto-comprensivo-statale-di-sarroch\\\/#primaryimage\"},\"image\":{\"@id\":\"https:\\\/\\\/www.sarlux.saras.it\\\/it\\\/laboratory-day-con-istituto-comprensivo-statale-di-sarroch\\\/#primaryimage\"},\"thumbnailUrl\":\"https:\\\/\\\/www.sarlux.saras.it\\\/wp-content\\\/uploads\\\/2026\\\/04\\\/cover-Saras-Sarlux-Laboratorio-chimico-Istituto-Sarroch.jpg\",\"datePublished\":\"2026-04-27T10:02:06+00:00\",\"description\":\"Il 22 aprile, Saras tramite la controllata Sarlux e in collaborazione con l\u2019Istituto Comprensivo Statale di Sarroch, ha inaugurato il rinnovato laboratorio chimico della scuola. Un progetto che mette al centro i giovani e il loro futuro, offrendo strumenti, esperienze e stimoli fondamentali per la loro crescita.\",\"breadcrumb\":{\"@id\":\"https:\\\/\\\/www.sarlux.saras.it\\\/it\\\/laboratory-day-con-istituto-comprensivo-statale-di-sarroch\\\/#breadcrumb\"},\"inLanguage\":\"it-IT\",\"potentialAction\":[{\"@type\":\"ReadAction\",\"target\":[\"https:\\\/\\\/www.sarlux.saras.it\\\/it\\\/laboratory-day-con-istituto-comprensivo-statale-di-sarroch\\\/\"]}]},{\"@type\":\"ImageObject\",\"inLanguage\":\"it-IT\",\"@id\":\"https:\\\/\\\/www.sarlux.saras.it\\\/it\\\/laboratory-day-con-istituto-comprensivo-statale-di-sarroch\\\/#primaryimage\",\"url\":\"https:\\\/\\\/www.sarlux.saras.it\\\/wp-content\\\/uploads\\\/2026\\\/04\\\/cover-Saras-Sarlux-Laboratorio-chimico-Istituto-Sarroch.jpg\",\"contentUrl\":\"https:\\\/\\\/www.sarlux.saras.it\\\/wp-content\\\/uploads\\\/2026\\\/04\\\/cover-Saras-Sarlux-Laboratorio-chimico-Istituto-Sarroch.jpg\",\"width\":990,\"height\":450},{\"@type\":\"BreadcrumbList\",\"@id\":\"https:\\\/\\\/www.sarlux.saras.it\\\/it\\\/laboratory-day-con-istituto-comprensivo-statale-di-sarroch\\\/#breadcrumb\",\"itemListElement\":[{\"@type\":\"ListItem\",\"position\":1,\"name\":\"Home\",\"item\":\"https:\\\/\\\/www.sarlux.saras.it\\\/it\\\/\"},{\"@type\":\"ListItem\",\"position\":2,\"name\":\"Laboratory Day con Istituto Comprensivo Statale di Sarroch\"}]},{\"@type\":\"WebSite\",\"@id\":\"https:\\\/\\\/www.sarlux.saras.it\\\/it\\\/#website\",\"url\":\"https:\\\/\\\/www.sarlux.saras.it\\\/it\\\/\",\"name\":\"Sarlux\",\"description\":\"\",\"publisher\":{\"@id\":\"https:\\\/\\\/www.sarlux.saras.it\\\/it\\\/#organization\"},\"potentialAction\":[{\"@type\":\"SearchAction\",\"target\":{\"@type\":\"EntryPoint\",\"urlTemplate\":\"https:\\\/\\\/www.sarlux.saras.it\\\/it\\\/?s={search_term_string}\"},\"query-input\":{\"@type\":\"PropertyValueSpecification\",\"valueRequired\":true,\"valueName\":\"search_term_string\"}}],\"inLanguage\":\"it-IT\"},{\"@type\":\"Organization\",\"@id\":\"https:\\\/\\\/www.sarlux.saras.it\\\/it\\\/#organization\",\"name\":\"Sarlux\",\"url\":\"https:\\\/\\\/www.sarlux.saras.it\\\/it\\\/\",\"logo\":{\"@type\":\"ImageObject\",\"inLanguage\":\"it-IT\",\"@id\":\"https:\\\/\\\/www.sarlux.saras.it\\\/it\\\/#\\\/schema\\\/logo\\\/image\\\/\",\"url\":\"https:\\\/\\\/www.sarlux.saras.it\\\/wp-content\\\/uploads\\\/2017\\\/12\\\/logo-pc-1.png\",\"contentUrl\":\"https:\\\/\\\/www.sarlux.saras.it\\\/wp-content\\\/uploads\\\/2017\\\/12\\\/logo-pc-1.png\",\"width\":184,\"height\":86,\"caption\":\"Sarlux\"},\"image\":{\"@id\":\"https:\\\/\\\/www.sarlux.saras.it\\\/it\\\/#\\\/schema\\\/logo\\\/image\\\/\"}},{\"@type\":\"Person\",\"@id\":\"https:\\\/\\\/www.sarlux.saras.it\\\/it\\\/#\\\/schema\\\/person\\\/f369fc2d7dbcc34d69a0975e8fe360af\",\"name\":\"Alberto Soi\",\"image\":{\"@type\":\"ImageObject\",\"inLanguage\":\"it-IT\",\"@id\":\"https:\\\/\\\/secure.gravatar.com\\\/avatar\\\/cc70035cae62a8d1e88cc2ac9d8e48bd174728dd9c5b3730ca1cbcb3eee8991b?s=96&d=mm&r=g\",\"url\":\"https:\\\/\\\/secure.gravatar.com\\\/avatar\\\/cc70035cae62a8d1e88cc2ac9d8e48bd174728dd9c5b3730ca1cbcb3eee8991b?s=96&d=mm&r=g\",\"contentUrl\":\"https:\\\/\\\/secure.gravatar.com\\\/avatar\\\/cc70035cae62a8d1e88cc2ac9d8e48bd174728dd9c5b3730ca1cbcb3eee8991b?s=96&d=mm&r=g\",\"caption\":\"Alberto Soi\"},\"url\":\"\"}]}<\/script>\n<!-- \/ Yoast SEO plugin. -->","yoast_head_json":{"title":"Laboratory Day con Istituto Comprensivo Statale di Sarroch - Sarlux Saras | Refining & Power","description":"Il 22 aprile, Saras tramite la controllata Sarlux e in collaborazione con l\u2019Istituto Comprensivo Statale di Sarroch, ha inaugurato il rinnovato laboratorio chimico della scuola. Un progetto che mette al centro i giovani e il loro futuro, offrendo strumenti, esperienze e stimoli fondamentali per la loro crescita.","robots":{"index":"index","follow":"follow","max-snippet":"max-snippet:-1","max-image-preview":"max-image-preview:large","max-video-preview":"max-video-preview:-1"},"canonical":"https:\/\/www.sarlux.saras.it\/it\/laboratory-day-con-istituto-comprensivo-statale-di-sarroch\/","og_locale":"it_IT","og_type":"article","og_title":"Laboratory Day con Istituto Comprensivo Statale di Sarroch - Sarlux Saras | Refining & Power","og_description":"Il 22 aprile, Saras tramite la controllata Sarlux e in collaborazione con l\u2019Istituto Comprensivo Statale di Sarroch, ha inaugurato il rinnovato laboratorio chimico della scuola. Un progetto che mette al centro i giovani e il loro futuro, offrendo strumenti, esperienze e stimoli fondamentali per la loro crescita.","og_url":"https:\/\/www.sarlux.saras.it\/it\/laboratory-day-con-istituto-comprensivo-statale-di-sarroch\/","og_site_name":"Sarlux Saras | Refining & Power","article_published_time":"2026-04-27T10:02:06+00:00","og_image":[{"width":990,"height":450,"url":"https:\/\/www.sarlux.saras.it\/wp-content\/uploads\/2026\/04\/cover-Saras-Sarlux-Laboratorio-chimico-Istituto-Sarroch.jpg","type":"image\/jpeg"}],"author":"Alberto Soi","twitter_card":"summary_large_image","twitter_misc":{"Scritto da":"Alberto Soi","Tempo di lettura stimato":"3 minuti"},"schema":{"@context":"https:\/\/schema.org","@graph":[{"@type":"Article","@id":"https:\/\/www.sarlux.saras.it\/it\/laboratory-day-con-istituto-comprensivo-statale-di-sarroch\/#article","isPartOf":{"@id":"https:\/\/www.sarlux.saras.it\/it\/laboratory-day-con-istituto-comprensivo-statale-di-sarroch\/"},"author":{"name":"Alberto Soi","@id":"https:\/\/www.sarlux.saras.it\/it\/#\/schema\/person\/f369fc2d7dbcc34d69a0975e8fe360af"},"headline":"Laboratory Day con Istituto Comprensivo Statale di Sarroch","datePublished":"2026-04-27T10:02:06+00:00","mainEntityOfPage":{"@id":"https:\/\/www.sarlux.saras.it\/it\/laboratory-day-con-istituto-comprensivo-statale-di-sarroch\/"},"wordCount":481,"publisher":{"@id":"https:\/\/www.sarlux.saras.it\/it\/#organization"},"image":{"@id":"https:\/\/www.sarlux.saras.it\/it\/laboratory-day-con-istituto-comprensivo-statale-di-sarroch\/#primaryimage"},"thumbnailUrl":"https:\/\/www.sarlux.saras.it\/wp-content\/uploads\/2026\/04\/cover-Saras-Sarlux-Laboratorio-chimico-Istituto-Sarroch.jpg","keywords":["Borsa studio","cultura","diritto allo studio","Educazione","formazione","Impegno sociale","Saras","Sarlux","Sarroch","scuola","territorio"],"articleSection":["home","News"],"inLanguage":"it-IT"},{"@type":"WebPage","@id":"https:\/\/www.sarlux.saras.it\/it\/laboratory-day-con-istituto-comprensivo-statale-di-sarroch\/","url":"https:\/\/www.sarlux.saras.it\/it\/laboratory-day-con-istituto-comprensivo-statale-di-sarroch\/","name":"Laboratory Day con Istituto Comprensivo Statale di Sarroch - Sarlux Saras | Refining & Power","isPartOf":{"@id":"https:\/\/www.sarlux.saras.it\/it\/#website"},"primaryImageOfPage":{"@id":"https:\/\/www.sarlux.saras.it\/it\/laboratory-day-con-istituto-comprensivo-statale-di-sarroch\/#primaryimage"},"image":{"@id":"https:\/\/www.sarlux.saras.it\/it\/laboratory-day-con-istituto-comprensivo-statale-di-sarroch\/#primaryimage"},"thumbnailUrl":"https:\/\/www.sarlux.saras.it\/wp-content\/uploads\/2026\/04\/cover-Saras-Sarlux-Laboratorio-chimico-Istituto-Sarroch.jpg","datePublished":"2026-04-27T10:02:06+00:00","description":"Il 22 aprile, Saras tramite la controllata Sarlux e in collaborazione con l\u2019Istituto Comprensivo Statale di Sarroch, ha inaugurato il rinnovato laboratorio chimico della scuola. Un progetto che mette al centro i giovani e il loro futuro, offrendo strumenti, esperienze e stimoli fondamentali per la loro crescita.","breadcrumb":{"@id":"https:\/\/www.sarlux.saras.it\/it\/laboratory-day-con-istituto-comprensivo-statale-di-sarroch\/#breadcrumb"},"inLanguage":"it-IT","potentialAction":[{"@type":"ReadAction","target":["https:\/\/www.sarlux.saras.it\/it\/laboratory-day-con-istituto-comprensivo-statale-di-sarroch\/"]}]},{"@type":"ImageObject","inLanguage":"it-IT","@id":"https:\/\/www.sarlux.saras.it\/it\/laboratory-day-con-istituto-comprensivo-statale-di-sarroch\/#primaryimage","url":"https:\/\/www.sarlux.saras.it\/wp-content\/uploads\/2026\/04\/cover-Saras-Sarlux-Laboratorio-chimico-Istituto-Sarroch.jpg","contentUrl":"https:\/\/www.sarlux.saras.it\/wp-content\/uploads\/2026\/04\/cover-Saras-Sarlux-Laboratorio-chimico-Istituto-Sarroch.jpg","width":990,"height":450},{"@type":"BreadcrumbList","@id":"https:\/\/www.sarlux.saras.it\/it\/laboratory-day-con-istituto-comprensivo-statale-di-sarroch\/#breadcrumb","itemListElement":[{"@type":"ListItem","position":1,"name":"Home","item":"https:\/\/www.sarlux.saras.it\/it\/"},{"@type":"ListItem","position":2,"name":"Laboratory Day con Istituto Comprensivo Statale di Sarroch"}]},{"@type":"WebSite","@id":"https:\/\/www.sarlux.saras.it\/it\/#website","url":"https:\/\/www.sarlux.saras.it\/it\/","name":"Sarlux","description":"","publisher":{"@id":"https:\/\/www.sarlux.saras.it\/it\/#organization"},"potentialAction":[{"@type":"SearchAction","target":{"@type":"EntryPoint","urlTemplate":"https:\/\/www.sarlux.saras.it\/it\/?s={search_term_string}"},"query-input":{"@type":"PropertyValueSpecification","valueRequired":true,"valueName":"search_term_string"}}],"inLanguage":"it-IT"},{"@type":"Organization","@id":"https:\/\/www.sarlux.saras.it\/it\/#organization","name":"Sarlux","url":"https:\/\/www.sarlux.saras.it\/it\/","logo":{"@type":"ImageObject","inLanguage":"it-IT","@id":"https:\/\/www.sarlux.saras.it\/it\/#\/schema\/logo\/image\/","url":"https:\/\/www.sarlux.saras.it\/wp-content\/uploads\/2017\/12\/logo-pc-1.png","contentUrl":"https:\/\/www.sarlux.saras.it\/wp-content\/uploads\/2017\/12\/logo-pc-1.png","width":184,"height":86,"caption":"Sarlux"},"image":{"@id":"https:\/\/www.sarlux.saras.it\/it\/#\/schema\/logo\/image\/"}},{"@type":"Person","@id":"https:\/\/www.sarlux.saras.it\/it\/#\/schema\/person\/f369fc2d7dbcc34d69a0975e8fe360af","name":"Alberto Soi","image":{"@type":"ImageObject","inLanguage":"it-IT","@id":"https:\/\/secure.gravatar.com\/avatar\/cc70035cae62a8d1e88cc2ac9d8e48bd174728dd9c5b3730ca1cbcb3eee8991b?s=96&d=mm&r=g","url":"https:\/\/secure.gravatar.com\/avatar\/cc70035cae62a8d1e88cc2ac9d8e48bd174728dd9c5b3730ca1cbcb3eee8991b?s=96&d=mm&r=g","contentUrl":"https:\/\/secure.gravatar.com\/avatar\/cc70035cae62a8d1e88cc2ac9d8e48bd174728dd9c5b3730ca1cbcb3eee8991b?s=96&d=mm&r=g","caption":"Alberto Soi"},"url":""}]}},"_links":{"self":[{"href":"https:\/\/www.sarlux.saras.it\/it\/wp-json\/wp\/v2\/posts\/547846","targetHints":{"allow":["GET"]}}],"collection":[{"href":"https:\/\/www.sarlux.saras.it\/it\/wp-json\/wp\/v2\/posts"}],"about":[{"href":"https:\/\/www.sarlux.saras.it\/it\/wp-json\/wp\/v2\/types\/post"}],"author":[{"embeddable":true,"href":"https:\/\/www.sarlux.saras.it\/it\/wp-json\/wp\/v2\/users\/36"}],"replies":[{"embeddable":true,"href":"https:\/\/www.sarlux.saras.it\/it\/wp-json\/wp\/v2\/comments?post=547846"}],"version-history":[{"count":2,"href":"https:\/\/www.sarlux.saras.it\/it\/wp-json\/wp\/v2\/posts\/547846\/revisions"}],"predecessor-version":[{"id":547850,"href":"https:\/\/www.sarlux.saras.it\/it\/wp-json\/wp\/v2\/posts\/547846\/revisions\/547850"}],"wp:featuredmedia":[{"embeddable":true,"href":"https:\/\/www.sarlux.saras.it\/it\/wp-json\/wp\/v2\/media\/547848"}],"wp:attachment":[{"href":"https:\/\/www.sarlux.saras.it\/it\/wp-json\/wp\/v2\/media?parent=547846"}],"wp:term":[{"taxonomy":"category","embeddable":true,"href":"https:\/\/www.sarlux.saras.it\/it\/wp-json\/wp\/v2\/categories?post=547846"},{"taxonomy":"post_tag","embeddable":true,"href":"https:\/\/www.sarlux.saras.it\/it\/wp-json\/wp\/v2\/tags?post=547846"}],"curies":[{"name":"wp","href":"https:\/\/api.w.org\/{rel}","templated":true}]}}