{"id":547856,"date":"2026-04-28T17:25:01","date_gmt":"2026-04-28T17:25:01","guid":{"rendered":"https:\/\/www.sarlux.saras.it\/?p=547856"},"modified":"2026-04-28T17:25:01","modified_gmt":"2026-04-28T17:25:01","slug":"inclusione-sociale-e-territorio-il-percorso-avviato-da-saras-con-i-bambini-delle-fate","status":"publish","type":"post","link":"https:\/\/www.sarlux.saras.it\/it\/inclusione-sociale-e-territorio-il-percorso-avviato-da-saras-con-i-bambini-delle-fate\/","title":{"rendered":"Inclusione sociale e territorio: il percorso avviato da Saras con \u201cI Bambini delle Fate\u201d"},"content":{"rendered":"<div class=\"wpb-content-wrapper\"><p>[vc_row][vc_column][vc_column_text css=&#8221;&#8221;]Saras esprime il proprio impegno nell\u2019ambito della <em>Corporate Social Responsibility<\/em> attraverso la promozione di iniziative concrete a favore dell\u2019inclusione sociale di persone in condizioni di fragilit\u00e0. In questo quadro si inserisce la collaborazione con <em>I Bambini delle Fate<\/em>, un\u2019impresa sociale che dal 2005 assicura <strong>sostegno economico a progetti di inclusione rivolti in particolare a <\/strong><strong>soggetti con autismo.<\/strong><\/p>\n<p><strong>La collaborazione con Saras, <\/strong>nata nel 2025 e in prosecuzione anche nel 2026, \u00e8 stata sviluppata localmente attraverso il sostegno alla gastronomia inclusiva <strong><em>Noi Altri<\/em><\/strong>, una cooperativa sociale di Cagliari, che si dedica alla cucina vegana e vegetariana, e promuove l&#8217;inclusione alimentare e lavorativa con valori di solidariet\u00e0.[\/vc_column_text][vc_empty_space height=&#8221;16px&#8221;][\/vc_column][\/vc_row][vc_row][vc_column width=&#8221;1\/2&#8243;][vc_single_image image=&#8221;547859&#8243; img_size=&#8221;full&#8221; css=&#8221;&#8221;][\/vc_column][vc_column width=&#8221;1\/2&#8243;][vc_single_image image=&#8221;547861&#8243; img_size=&#8221;full&#8221; css=&#8221;&#8221;][\/vc_column][\/vc_row][vc_row][vc_column][vc_empty_space height=&#8221;16px&#8221;][vc_column_text css=&#8221;&#8221;]<\/p>\n<div class=\"elementToProof\">\n<div class=\"elementToProof\">\n<p>Saras ha agito in sinergia con l\u2019Assessorato ai Servizi Sociali del Comune di Sarroch, per individuare dei giovani che potessero essere sostenuti nel loro percorso di crescita e inclusione sociale.<\/p>\n<p>Questo processo, condiviso con esperti del settore, ha permesso di selezionare una ragazza e un ragazzo\u00a0che hanno intrapreso un percorso strutturato, orientato allo sviluppo delle competenze e al rafforzamento dell\u2019autonomia personale.<\/p>\n<p>Il primo step del percorso si \u00e8 svolto presso il centro diurno di Assemini, dove i ragazzi hanno potuto lavorare sulla dimensione relazionale e sulla capacit\u00e0 di operare in gruppo. Successivamente, il percorso \u00e8 proseguito nella gastronomia <strong><em>Noi Altri<\/em><\/strong>, nella quale stanno completando la formazione, affinando anche le competenze necessarie per la relazione con il pubblico.<\/p>\n<p>Il modello \u00e8 replicabile in quanto altri giovani saranno individuati con le stesse modalit\u00e0 anche nel 2026, rafforzando cos\u00ec la continuit\u00e0 e l\u2019impatto dell\u2019iniziativa sul territorio.<\/p>\n<p>Il progetto \u00e8 stato condiviso anche nell\u2019ambito della Rete Territoriale di Sarroch, ponendo le basi per possibili sviluppi futuri. In prospettiva, non si esclude che nuove sinergie possano ampliare ulteriormente il perimetro delle attivit\u00e0, dando vita a iniziative di valore sociale sempre crescente.<\/p>\n<p>Queste esperienze non rappresentano un\u2019iniziativa isolata, ma si inseriscono in una strategia pi\u00f9 ampia di responsabilit\u00e0 sociale. Infatti, tra le altre progettualit\u00e0 rientrano le collaborazioni con <em>ASD Mediterranea<\/em> per la promozione della parit\u00e0 di genere, cos\u00ec come le attivit\u00e0 a supporto della formazione finalizzata al reinserimento sociale dei minori, ospiti dell\u2019Istituto Penale per i Minorenni di Quartucciu.<\/p>\n<\/div>\n<\/div>\n<p>[\/vc_column_text][vc_empty_space height=&#8221;16px&#8221;][\/vc_column][\/vc_row][vc_row][vc_column][vc_icon icon_fontawesome=&#8221;fa fa-cog&#8221; size=&#8221;sm&#8221; align=&#8221;center&#8221;][vc_column_text css=&#8221;&#8221;][\/vc_column_text][vc_empty_space height=&#8221;16px&#8221;][\/vc_column][\/vc_row][vc_row full_width=&#8221;stretch_row&#8221; bg_type=&#8221;bg_color&#8221;][vc_column][vc_single_image image=&#8221;534688&#8243; img_size=&#8221;full&#8221; alignment=&#8221;center&#8221;][vc_empty_space][\/vc_column][\/vc_row]<\/p>\n<\/div>","protected":false},"excerpt":{"rendered":"<p>Saras esprime il proprio impegno nell\u2019ambito della Corporate Social Responsibility attraverso la promozione di iniziative concrete a favore dell\u2019inclusione sociale di persone in condizioni di fragilit\u00e0. <\/p>\n","protected":false},"author":36,"featured_media":547857,"comment_status":"closed","ping_status":"open","sticky":false,"template":"","format":"standard","meta":{"_acf_changed":false,"inline_featured_image":false,"footnotes":""},"categories":[26,17],"tags":[374,489,438,29,566,32,71,567,470],"class_list":["post-547856","post","type-post","status-publish","format-standard","has-post-thumbnail","hentry","category-home-it","category-news","tag-cagliari","tag-capoterra","tag-comunita","tag-impegno-sociale","tag-inclusione-sociale","tag-le-nostre-persone","tag-sarroch","tag-servizi-sociali-sarroch","tag-solidarieta"],"acf":[],"yoast_head":"<!-- This site is optimized with the Yoast SEO plugin v27.3 - https:\/\/yoast.com\/product\/yoast-seo-wordpress\/ -->\n<title>Inclusione sociale e territorio: il percorso avviato da Saras con \u201cI Bambini delle Fate\u201d - Sarlux Saras | Refining &amp; Power<\/title>\n<meta name=\"description\" content=\"Saras esprime il proprio impegno nell\u2019ambito della Corporate Social Responsibility attraverso la promozione di iniziative concrete a favore dell\u2019inclusione sociale di persone in condizioni di fragilit\u00e0.\" \/>\n<meta name=\"robots\" content=\"index, follow, max-snippet:-1, max-image-preview:large, max-video-preview:-1\" \/>\n<link rel=\"canonical\" href=\"https:\/\/www.sarlux.saras.it\/it\/inclusione-sociale-e-territorio-il-percorso-avviato-da-saras-con-i-bambini-delle-fate\/\" \/>\n<meta property=\"og:locale\" content=\"it_IT\" \/>\n<meta property=\"og:type\" content=\"article\" \/>\n<meta property=\"og:title\" content=\"Inclusione sociale e territorio: il percorso avviato da Saras con \u201cI Bambini delle Fate\u201d - Sarlux Saras | Refining &amp; Power\" \/>\n<meta property=\"og:description\" content=\"Saras esprime il proprio impegno nell\u2019ambito della Corporate Social Responsibility attraverso la promozione di iniziative concrete a favore dell\u2019inclusione sociale di persone in condizioni di fragilit\u00e0.\" \/>\n<meta property=\"og:url\" content=\"https:\/\/www.sarlux.saras.it\/it\/inclusione-sociale-e-territorio-il-percorso-avviato-da-saras-con-i-bambini-delle-fate\/\" \/>\n<meta property=\"og:site_name\" content=\"Sarlux Saras | Refining &amp; Power\" \/>\n<meta property=\"article:published_time\" content=\"2026-04-28T17:25:01+00:00\" \/>\n<meta property=\"og:image\" content=\"https:\/\/www.sarlux.saras.it\/wp-content\/uploads\/2026\/04\/Saras-Sarlux-Noi-Altri-Bambini-delle-Fate-Sardegna-cover.jpg\" \/>\n\t<meta property=\"og:image:width\" content=\"990\" \/>\n\t<meta property=\"og:image:height\" content=\"450\" \/>\n\t<meta property=\"og:image:type\" content=\"image\/jpeg\" \/>\n<meta name=\"author\" content=\"Alberto Soi\" \/>\n<meta name=\"twitter:card\" content=\"summary_large_image\" \/>\n<meta name=\"twitter:label1\" content=\"Scritto da\" \/>\n\t<meta name=\"twitter:data1\" content=\"Alberto Soi\" \/>\n\t<meta name=\"twitter:label2\" content=\"Tempo di lettura stimato\" \/>\n\t<meta name=\"twitter:data2\" content=\"3 minuti\" \/>\n<script type=\"application\/ld+json\" class=\"yoast-schema-graph\">{\"@context\":\"https:\\\/\\\/schema.org\",\"@graph\":[{\"@type\":\"Article\",\"@id\":\"https:\\\/\\\/www.sarlux.saras.it\\\/it\\\/inclusione-sociale-e-territorio-il-percorso-avviato-da-saras-con-i-bambini-delle-fate\\\/#article\",\"isPartOf\":{\"@id\":\"https:\\\/\\\/www.sarlux.saras.it\\\/it\\\/inclusione-sociale-e-territorio-il-percorso-avviato-da-saras-con-i-bambini-delle-fate\\\/\"},\"author\":{\"name\":\"Alberto Soi\",\"@id\":\"https:\\\/\\\/www.sarlux.saras.it\\\/it\\\/#\\\/schema\\\/person\\\/f369fc2d7dbcc34d69a0975e8fe360af\"},\"headline\":\"Inclusione sociale e territorio: il percorso avviato da Saras con \u201cI Bambini delle Fate\u201d\",\"datePublished\":\"2026-04-28T17:25:01+00:00\",\"mainEntityOfPage\":{\"@id\":\"https:\\\/\\\/www.sarlux.saras.it\\\/it\\\/inclusione-sociale-e-territorio-il-percorso-avviato-da-saras-con-i-bambini-delle-fate\\\/\"},\"wordCount\":497,\"publisher\":{\"@id\":\"https:\\\/\\\/www.sarlux.saras.it\\\/it\\\/#organization\"},\"image\":{\"@id\":\"https:\\\/\\\/www.sarlux.saras.it\\\/it\\\/inclusione-sociale-e-territorio-il-percorso-avviato-da-saras-con-i-bambini-delle-fate\\\/#primaryimage\"},\"thumbnailUrl\":\"https:\\\/\\\/www.sarlux.saras.it\\\/wp-content\\\/uploads\\\/2026\\\/04\\\/Saras-Sarlux-Noi-Altri-Bambini-delle-Fate-Sardegna-cover.jpg\",\"keywords\":[\"Cagliari\",\"Capoterra\",\"comunit\u00e0\",\"Impegno sociale\",\"inclusione sociale\",\"Le nostre persone\",\"Sarroch\",\"Servizi sociali Sarroch\",\"solidariet\u00e0\"],\"articleSection\":[\"home\",\"News\"],\"inLanguage\":\"it-IT\"},{\"@type\":\"WebPage\",\"@id\":\"https:\\\/\\\/www.sarlux.saras.it\\\/it\\\/inclusione-sociale-e-territorio-il-percorso-avviato-da-saras-con-i-bambini-delle-fate\\\/\",\"url\":\"https:\\\/\\\/www.sarlux.saras.it\\\/it\\\/inclusione-sociale-e-territorio-il-percorso-avviato-da-saras-con-i-bambini-delle-fate\\\/\",\"name\":\"Inclusione sociale e territorio: il percorso avviato da Saras con \u201cI Bambini delle Fate\u201d - Sarlux Saras | Refining & Power\",\"isPartOf\":{\"@id\":\"https:\\\/\\\/www.sarlux.saras.it\\\/it\\\/#website\"},\"primaryImageOfPage\":{\"@id\":\"https:\\\/\\\/www.sarlux.saras.it\\\/it\\\/inclusione-sociale-e-territorio-il-percorso-avviato-da-saras-con-i-bambini-delle-fate\\\/#primaryimage\"},\"image\":{\"@id\":\"https:\\\/\\\/www.sarlux.saras.it\\\/it\\\/inclusione-sociale-e-territorio-il-percorso-avviato-da-saras-con-i-bambini-delle-fate\\\/#primaryimage\"},\"thumbnailUrl\":\"https:\\\/\\\/www.sarlux.saras.it\\\/wp-content\\\/uploads\\\/2026\\\/04\\\/Saras-Sarlux-Noi-Altri-Bambini-delle-Fate-Sardegna-cover.jpg\",\"datePublished\":\"2026-04-28T17:25:01+00:00\",\"description\":\"Saras esprime il proprio impegno nell\u2019ambito della Corporate Social Responsibility attraverso la promozione di iniziative concrete a favore dell\u2019inclusione sociale di persone in condizioni di fragilit\u00e0.\",\"breadcrumb\":{\"@id\":\"https:\\\/\\\/www.sarlux.saras.it\\\/it\\\/inclusione-sociale-e-territorio-il-percorso-avviato-da-saras-con-i-bambini-delle-fate\\\/#breadcrumb\"},\"inLanguage\":\"it-IT\",\"potentialAction\":[{\"@type\":\"ReadAction\",\"target\":[\"https:\\\/\\\/www.sarlux.saras.it\\\/it\\\/inclusione-sociale-e-territorio-il-percorso-avviato-da-saras-con-i-bambini-delle-fate\\\/\"]}]},{\"@type\":\"ImageObject\",\"inLanguage\":\"it-IT\",\"@id\":\"https:\\\/\\\/www.sarlux.saras.it\\\/it\\\/inclusione-sociale-e-territorio-il-percorso-avviato-da-saras-con-i-bambini-delle-fate\\\/#primaryimage\",\"url\":\"https:\\\/\\\/www.sarlux.saras.it\\\/wp-content\\\/uploads\\\/2026\\\/04\\\/Saras-Sarlux-Noi-Altri-Bambini-delle-Fate-Sardegna-cover.jpg\",\"contentUrl\":\"https:\\\/\\\/www.sarlux.saras.it\\\/wp-content\\\/uploads\\\/2026\\\/04\\\/Saras-Sarlux-Noi-Altri-Bambini-delle-Fate-Sardegna-cover.jpg\",\"width\":990,\"height\":450},{\"@type\":\"BreadcrumbList\",\"@id\":\"https:\\\/\\\/www.sarlux.saras.it\\\/it\\\/inclusione-sociale-e-territorio-il-percorso-avviato-da-saras-con-i-bambini-delle-fate\\\/#breadcrumb\",\"itemListElement\":[{\"@type\":\"ListItem\",\"position\":1,\"name\":\"Home\",\"item\":\"https:\\\/\\\/www.sarlux.saras.it\\\/it\\\/\"},{\"@type\":\"ListItem\",\"position\":2,\"name\":\"Inclusione sociale e territorio: il percorso avviato da Saras con \u201cI Bambini delle Fate\u201d\"}]},{\"@type\":\"WebSite\",\"@id\":\"https:\\\/\\\/www.sarlux.saras.it\\\/it\\\/#website\",\"url\":\"https:\\\/\\\/www.sarlux.saras.it\\\/it\\\/\",\"name\":\"Sarlux\",\"description\":\"\",\"publisher\":{\"@id\":\"https:\\\/\\\/www.sarlux.saras.it\\\/it\\\/#organization\"},\"potentialAction\":[{\"@type\":\"SearchAction\",\"target\":{\"@type\":\"EntryPoint\",\"urlTemplate\":\"https:\\\/\\\/www.sarlux.saras.it\\\/it\\\/?s={search_term_string}\"},\"query-input\":{\"@type\":\"PropertyValueSpecification\",\"valueRequired\":true,\"valueName\":\"search_term_string\"}}],\"inLanguage\":\"it-IT\"},{\"@type\":\"Organization\",\"@id\":\"https:\\\/\\\/www.sarlux.saras.it\\\/it\\\/#organization\",\"name\":\"Sarlux\",\"url\":\"https:\\\/\\\/www.sarlux.saras.it\\\/it\\\/\",\"logo\":{\"@type\":\"ImageObject\",\"inLanguage\":\"it-IT\",\"@id\":\"https:\\\/\\\/www.sarlux.saras.it\\\/it\\\/#\\\/schema\\\/logo\\\/image\\\/\",\"url\":\"https:\\\/\\\/www.sarlux.saras.it\\\/wp-content\\\/uploads\\\/2017\\\/12\\\/logo-pc-1.png\",\"contentUrl\":\"https:\\\/\\\/www.sarlux.saras.it\\\/wp-content\\\/uploads\\\/2017\\\/12\\\/logo-pc-1.png\",\"width\":184,\"height\":86,\"caption\":\"Sarlux\"},\"image\":{\"@id\":\"https:\\\/\\\/www.sarlux.saras.it\\\/it\\\/#\\\/schema\\\/logo\\\/image\\\/\"}},{\"@type\":\"Person\",\"@id\":\"https:\\\/\\\/www.sarlux.saras.it\\\/it\\\/#\\\/schema\\\/person\\\/f369fc2d7dbcc34d69a0975e8fe360af\",\"name\":\"Alberto Soi\",\"image\":{\"@type\":\"ImageObject\",\"inLanguage\":\"it-IT\",\"@id\":\"https:\\\/\\\/secure.gravatar.com\\\/avatar\\\/cc70035cae62a8d1e88cc2ac9d8e48bd174728dd9c5b3730ca1cbcb3eee8991b?s=96&d=mm&r=g\",\"url\":\"https:\\\/\\\/secure.gravatar.com\\\/avatar\\\/cc70035cae62a8d1e88cc2ac9d8e48bd174728dd9c5b3730ca1cbcb3eee8991b?s=96&d=mm&r=g\",\"contentUrl\":\"https:\\\/\\\/secure.gravatar.com\\\/avatar\\\/cc70035cae62a8d1e88cc2ac9d8e48bd174728dd9c5b3730ca1cbcb3eee8991b?s=96&d=mm&r=g\",\"caption\":\"Alberto Soi\"},\"url\":\"\"}]}<\/script>\n<!-- \/ Yoast SEO plugin. -->","yoast_head_json":{"title":"Inclusione sociale e territorio: il percorso avviato da Saras con \u201cI Bambini delle Fate\u201d - Sarlux Saras | Refining & Power","description":"Saras esprime il proprio impegno nell\u2019ambito della Corporate Social Responsibility attraverso la promozione di iniziative concrete a favore dell\u2019inclusione sociale di persone in condizioni di fragilit\u00e0.","robots":{"index":"index","follow":"follow","max-snippet":"max-snippet:-1","max-image-preview":"max-image-preview:large","max-video-preview":"max-video-preview:-1"},"canonical":"https:\/\/www.sarlux.saras.it\/it\/inclusione-sociale-e-territorio-il-percorso-avviato-da-saras-con-i-bambini-delle-fate\/","og_locale":"it_IT","og_type":"article","og_title":"Inclusione sociale e territorio: il percorso avviato da Saras con \u201cI Bambini delle Fate\u201d - Sarlux Saras | Refining & Power","og_description":"Saras esprime il proprio impegno nell\u2019ambito della Corporate Social Responsibility attraverso la promozione di iniziative concrete a favore dell\u2019inclusione sociale di persone in condizioni di fragilit\u00e0.","og_url":"https:\/\/www.sarlux.saras.it\/it\/inclusione-sociale-e-territorio-il-percorso-avviato-da-saras-con-i-bambini-delle-fate\/","og_site_name":"Sarlux Saras | Refining & Power","article_published_time":"2026-04-28T17:25:01+00:00","og_image":[{"width":990,"height":450,"url":"https:\/\/www.sarlux.saras.it\/wp-content\/uploads\/2026\/04\/Saras-Sarlux-Noi-Altri-Bambini-delle-Fate-Sardegna-cover.jpg","type":"image\/jpeg"}],"author":"Alberto Soi","twitter_card":"summary_large_image","twitter_misc":{"Scritto da":"Alberto Soi","Tempo di lettura stimato":"3 minuti"},"schema":{"@context":"https:\/\/schema.org","@graph":[{"@type":"Article","@id":"https:\/\/www.sarlux.saras.it\/it\/inclusione-sociale-e-territorio-il-percorso-avviato-da-saras-con-i-bambini-delle-fate\/#article","isPartOf":{"@id":"https:\/\/www.sarlux.saras.it\/it\/inclusione-sociale-e-territorio-il-percorso-avviato-da-saras-con-i-bambini-delle-fate\/"},"author":{"name":"Alberto Soi","@id":"https:\/\/www.sarlux.saras.it\/it\/#\/schema\/person\/f369fc2d7dbcc34d69a0975e8fe360af"},"headline":"Inclusione sociale e territorio: il percorso avviato da Saras con \u201cI Bambini delle Fate\u201d","datePublished":"2026-04-28T17:25:01+00:00","mainEntityOfPage":{"@id":"https:\/\/www.sarlux.saras.it\/it\/inclusione-sociale-e-territorio-il-percorso-avviato-da-saras-con-i-bambini-delle-fate\/"},"wordCount":497,"publisher":{"@id":"https:\/\/www.sarlux.saras.it\/it\/#organization"},"image":{"@id":"https:\/\/www.sarlux.saras.it\/it\/inclusione-sociale-e-territorio-il-percorso-avviato-da-saras-con-i-bambini-delle-fate\/#primaryimage"},"thumbnailUrl":"https:\/\/www.sarlux.saras.it\/wp-content\/uploads\/2026\/04\/Saras-Sarlux-Noi-Altri-Bambini-delle-Fate-Sardegna-cover.jpg","keywords":["Cagliari","Capoterra","comunit\u00e0","Impegno sociale","inclusione sociale","Le nostre persone","Sarroch","Servizi sociali Sarroch","solidariet\u00e0"],"articleSection":["home","News"],"inLanguage":"it-IT"},{"@type":"WebPage","@id":"https:\/\/www.sarlux.saras.it\/it\/inclusione-sociale-e-territorio-il-percorso-avviato-da-saras-con-i-bambini-delle-fate\/","url":"https:\/\/www.sarlux.saras.it\/it\/inclusione-sociale-e-territorio-il-percorso-avviato-da-saras-con-i-bambini-delle-fate\/","name":"Inclusione sociale e territorio: il percorso avviato da Saras con \u201cI Bambini delle Fate\u201d - Sarlux Saras | Refining & Power","isPartOf":{"@id":"https:\/\/www.sarlux.saras.it\/it\/#website"},"primaryImageOfPage":{"@id":"https:\/\/www.sarlux.saras.it\/it\/inclusione-sociale-e-territorio-il-percorso-avviato-da-saras-con-i-bambini-delle-fate\/#primaryimage"},"image":{"@id":"https:\/\/www.sarlux.saras.it\/it\/inclusione-sociale-e-territorio-il-percorso-avviato-da-saras-con-i-bambini-delle-fate\/#primaryimage"},"thumbnailUrl":"https:\/\/www.sarlux.saras.it\/wp-content\/uploads\/2026\/04\/Saras-Sarlux-Noi-Altri-Bambini-delle-Fate-Sardegna-cover.jpg","datePublished":"2026-04-28T17:25:01+00:00","description":"Saras esprime il proprio impegno nell\u2019ambito della Corporate Social Responsibility attraverso la promozione di iniziative concrete a favore dell\u2019inclusione sociale di persone in condizioni di fragilit\u00e0.","breadcrumb":{"@id":"https:\/\/www.sarlux.saras.it\/it\/inclusione-sociale-e-territorio-il-percorso-avviato-da-saras-con-i-bambini-delle-fate\/#breadcrumb"},"inLanguage":"it-IT","potentialAction":[{"@type":"ReadAction","target":["https:\/\/www.sarlux.saras.it\/it\/inclusione-sociale-e-territorio-il-percorso-avviato-da-saras-con-i-bambini-delle-fate\/"]}]},{"@type":"ImageObject","inLanguage":"it-IT","@id":"https:\/\/www.sarlux.saras.it\/it\/inclusione-sociale-e-territorio-il-percorso-avviato-da-saras-con-i-bambini-delle-fate\/#primaryimage","url":"https:\/\/www.sarlux.saras.it\/wp-content\/uploads\/2026\/04\/Saras-Sarlux-Noi-Altri-Bambini-delle-Fate-Sardegna-cover.jpg","contentUrl":"https:\/\/www.sarlux.saras.it\/wp-content\/uploads\/2026\/04\/Saras-Sarlux-Noi-Altri-Bambini-delle-Fate-Sardegna-cover.jpg","width":990,"height":450},{"@type":"BreadcrumbList","@id":"https:\/\/www.sarlux.saras.it\/it\/inclusione-sociale-e-territorio-il-percorso-avviato-da-saras-con-i-bambini-delle-fate\/#breadcrumb","itemListElement":[{"@type":"ListItem","position":1,"name":"Home","item":"https:\/\/www.sarlux.saras.it\/it\/"},{"@type":"ListItem","position":2,"name":"Inclusione sociale e territorio: il percorso avviato da Saras con \u201cI Bambini delle Fate\u201d"}]},{"@type":"WebSite","@id":"https:\/\/www.sarlux.saras.it\/it\/#website","url":"https:\/\/www.sarlux.saras.it\/it\/","name":"Sarlux","description":"","publisher":{"@id":"https:\/\/www.sarlux.saras.it\/it\/#organization"},"potentialAction":[{"@type":"SearchAction","target":{"@type":"EntryPoint","urlTemplate":"https:\/\/www.sarlux.saras.it\/it\/?s={search_term_string}"},"query-input":{"@type":"PropertyValueSpecification","valueRequired":true,"valueName":"search_term_string"}}],"inLanguage":"it-IT"},{"@type":"Organization","@id":"https:\/\/www.sarlux.saras.it\/it\/#organization","name":"Sarlux","url":"https:\/\/www.sarlux.saras.it\/it\/","logo":{"@type":"ImageObject","inLanguage":"it-IT","@id":"https:\/\/www.sarlux.saras.it\/it\/#\/schema\/logo\/image\/","url":"https:\/\/www.sarlux.saras.it\/wp-content\/uploads\/2017\/12\/logo-pc-1.png","contentUrl":"https:\/\/www.sarlux.saras.it\/wp-content\/uploads\/2017\/12\/logo-pc-1.png","width":184,"height":86,"caption":"Sarlux"},"image":{"@id":"https:\/\/www.sarlux.saras.it\/it\/#\/schema\/logo\/image\/"}},{"@type":"Person","@id":"https:\/\/www.sarlux.saras.it\/it\/#\/schema\/person\/f369fc2d7dbcc34d69a0975e8fe360af","name":"Alberto Soi","image":{"@type":"ImageObject","inLanguage":"it-IT","@id":"https:\/\/secure.gravatar.com\/avatar\/cc70035cae62a8d1e88cc2ac9d8e48bd174728dd9c5b3730ca1cbcb3eee8991b?s=96&d=mm&r=g","url":"https:\/\/secure.gravatar.com\/avatar\/cc70035cae62a8d1e88cc2ac9d8e48bd174728dd9c5b3730ca1cbcb3eee8991b?s=96&d=mm&r=g","contentUrl":"https:\/\/secure.gravatar.com\/avatar\/cc70035cae62a8d1e88cc2ac9d8e48bd174728dd9c5b3730ca1cbcb3eee8991b?s=96&d=mm&r=g","caption":"Alberto Soi"},"url":""}]}},"_links":{"self":[{"href":"https:\/\/www.sarlux.saras.it\/it\/wp-json\/wp\/v2\/posts\/547856","targetHints":{"allow":["GET"]}}],"collection":[{"href":"https:\/\/www.sarlux.saras.it\/it\/wp-json\/wp\/v2\/posts"}],"about":[{"href":"https:\/\/www.sarlux.saras.it\/it\/wp-json\/wp\/v2\/types\/post"}],"author":[{"embeddable":true,"href":"https:\/\/www.sarlux.saras.it\/it\/wp-json\/wp\/v2\/users\/36"}],"replies":[{"embeddable":true,"href":"https:\/\/www.sarlux.saras.it\/it\/wp-json\/wp\/v2\/comments?post=547856"}],"version-history":[{"count":2,"href":"https:\/\/www.sarlux.saras.it\/it\/wp-json\/wp\/v2\/posts\/547856\/revisions"}],"predecessor-version":[{"id":547896,"href":"https:\/\/www.sarlux.saras.it\/it\/wp-json\/wp\/v2\/posts\/547856\/revisions\/547896"}],"wp:featuredmedia":[{"embeddable":true,"href":"https:\/\/www.sarlux.saras.it\/it\/wp-json\/wp\/v2\/media\/547857"}],"wp:attachment":[{"href":"https:\/\/www.sarlux.saras.it\/it\/wp-json\/wp\/v2\/media?parent=547856"}],"wp:term":[{"taxonomy":"category","embeddable":true,"href":"https:\/\/www.sarlux.saras.it\/it\/wp-json\/wp\/v2\/categories?post=547856"},{"taxonomy":"post_tag","embeddable":true,"href":"https:\/\/www.sarlux.saras.it\/it\/wp-json\/wp\/v2\/tags?post=547856"}],"curies":[{"name":"wp","href":"https:\/\/api.w.org\/{rel}","templated":true}]}}