{"id":62820,"date":"2016-04-22T12:59:44","date_gmt":"2016-04-22T12:59:44","guid":{"rendered":"http:\/\/www.sarlux.saras.it\/?p=62820"},"modified":"2017-12-01T13:26:32","modified_gmt":"2017-12-01T13:26:32","slug":"un-atleta-saras-alla-gara-di-beneficenza-marathon-des-sables","status":"publish","type":"post","link":"https:\/\/www.sarlux.saras.it\/it\/un-atleta-saras-alla-gara-di-beneficenza-marathon-des-sables\/","title":{"rendered":"Un atleta Saras alla gara di beneficenza Marathon des Sables"},"content":{"rendered":"<div id=\"attachment_62861\" style=\"width: 634px\" class=\"wp-caption aligncenter\"><img loading=\"lazy\" decoding=\"async\" aria-describedby=\"caption-attachment-62861\" class=\"wp-image-62861\" src=\"http:\/\/www.sarlux.saras.it\/wp-content\/uploads\/2016\/04\/pajusco-medaglia-300x211.png\" alt=\"pajusco medaglia\" width=\"624\" height=\"439\" \/><p id=\"caption-attachment-62861\" class=\"wp-caption-text\">Marco Pajusco mostra la medaglia<\/p><\/div>\n<p><span style=\"line-height: 1.5;\">Dal servizio del Supply &amp; Trading della pi\u00f9 grande raffineria del Mediterraneo alle dune del deserto marocchino, alla ricerca di nuovi limiti, in una delle\u00a0competizioni sportive\u00a0pi\u00f9 dure al mondo.\u00a0<\/span>Marco Pajusco, 33 anni di Verona corre da quando ne aveva 23, ha tagliato il traguardo\u00a0della <a href=\"http:\/\/www.marathondessables.co.uk\/site\/\" target=\"_blank\">Marathon des Sables<\/a>, evento sportivo\u00a0i cui proventi finanziano una fondazione di beneficenza. Si tratta di\u00a0una traversata in piena autosufficienza alimentare del deserto del Sahara, in tutte le sue varianti: dalle dune alle montagne pietrose, fino ai grandi laghi asciutti, attraverso i campi delle popolazioni nomadi del deserto e i villaggi tradizionali.<\/p>\n<p><img loading=\"lazy\" decoding=\"async\" class=\"aligncenter wp-image-62862\" src=\"http:\/\/www.sarlux.saras.it\/wp-content\/uploads\/2016\/04\/saras-pajusco-maratona-MDS-300x199.png\" alt=\"saras pajusco maratona MDS\" width=\"600\" height=\"399\" \/>La gara, divisa in 6 tappe per un totale di circa 240 km, non \u00e8 solo un percorso che richiede prestazioni fisiche particolarmente elevate, ma \u00e8 un modo per scoprire se stessi. Anche grazie al contesto in cui si svolge, \u00e8 una meravigliosa avventura umana unica nel suo genere nella quale condivisione e solidariet\u00e0 diventano il motore per raggiungere nuovi e ambizioni traguardi.\u00a0<span class=\"s1\">La competizione \u00e8 collegata ad una fondazione con sede in Marocco che si occupa dell&#8217;educazione di ragazzi svantaggiati, soprattutto attraverso lo sport e il gioco, per aiutarli a comprendere il loro potenziale nascosto. Gran parte delle iscrizioni degli atleti sono impiegate in questo progetto.<\/span><\/p>\n<p><img loading=\"lazy\" decoding=\"async\" class=\"aligncenter wp-image-62871\" src=\"http:\/\/www.sarlux.saras.it\/wp-content\/uploads\/2016\/04\/pajusco-deserto-300x200.jpg\" alt=\"pajusco deserto\" width=\"600\" height=\"400\" \/><\/p>\n<p>Anche per questo Saras ha scelto di sostenere l&#8217;avventura di Marco, che si \u00e8 rivelata una delle migliori performance: si \u00e8\u00a0classificato al 10mo posto, fra 1254 partecipanti.\u00a0Prima di lui, si sono posizionati soltanto atleti famosi e di grande\u00a0esperienza nell&#8217;affrontare questo tipo di sfida.<\/p>\n<div id=\"attachment_62827\" style=\"width: 765px\" class=\"wp-caption alignnone\"><img loading=\"lazy\" decoding=\"async\" aria-describedby=\"caption-attachment-62827\" class=\"wp-image-62827 size-full\" src=\"http:\/\/www.sarlux.saras.it\/wp-content\/uploads\/2016\/04\/risultati-Marathon-des-sables.jpg\" alt=\"risultati Marathon des sables\" width=\"755\" height=\"791\" \/><p id=\"caption-attachment-62827\" class=\"wp-caption-text\">Graduatoria della Marathon des Sables, Marco Pajusco si \u00e8 aggiudicato il 10\u00b0 posto.<\/p><\/div>\n","protected":false},"excerpt":{"rendered":"<p>Dal servizio del Supply &amp; Trading della pi\u00f9 grande raffineria del Mediterraneo alle dune del deserto marocchino, alla ricerca di nuovi limiti, in una delle\u00a0competizioni sportive\u00a0pi\u00f9<span class=\"excerpt-hellip\"> [\u2026]<\/span><\/p>\n","protected":false},"author":2,"featured_media":62867,"comment_status":"open","ping_status":"open","sticky":false,"template":"","format":"standard","meta":{"_acf_changed":false,"inline_featured_image":false,"footnotes":""},"categories":[17],"tags":[],"class_list":["post-62820","post","type-post","status-publish","format-standard","has-post-thumbnail","hentry","category-news"],"acf":[],"yoast_head":"<!-- This site is optimized with the Yoast SEO plugin v27.3 - https:\/\/yoast.com\/product\/yoast-seo-wordpress\/ -->\n<title>Un atleta Saras alla gara di beneficenza Marathon des Sables - Sarlux Saras | Refining &amp; Power<\/title>\n<meta name=\"robots\" content=\"index, follow, max-snippet:-1, max-image-preview:large, max-video-preview:-1\" \/>\n<link rel=\"canonical\" href=\"https:\/\/www.sarlux.saras.it\/it\/un-atleta-saras-alla-gara-di-beneficenza-marathon-des-sables\/\" \/>\n<meta property=\"og:locale\" content=\"it_IT\" \/>\n<meta property=\"og:type\" content=\"article\" \/>\n<meta property=\"og:title\" content=\"Un atleta Saras alla gara di beneficenza Marathon des Sables - Sarlux Saras | Refining &amp; Power\" \/>\n<meta property=\"og:description\" content=\"Dal servizio del Supply &amp; Trading della pi\u00f9 grande raffineria del Mediterraneo alle dune del deserto marocchino, alla ricerca di nuovi limiti, in una delle\u00a0competizioni sportive\u00a0pi\u00f9 [\u2026]\" \/>\n<meta property=\"og:url\" content=\"https:\/\/www.sarlux.saras.it\/it\/un-atleta-saras-alla-gara-di-beneficenza-marathon-des-sables\/\" \/>\n<meta property=\"og:site_name\" content=\"Sarlux Saras | Refining &amp; Power\" \/>\n<meta property=\"article:published_time\" content=\"2016-04-22T12:59:44+00:00\" \/>\n<meta property=\"article:modified_time\" content=\"2017-12-01T13:26:32+00:00\" \/>\n<meta name=\"author\" content=\"newsarlux\" \/>\n<meta name=\"twitter:card\" content=\"summary_large_image\" \/>\n<meta name=\"twitter:label1\" content=\"Scritto da\" \/>\n\t<meta name=\"twitter:data1\" content=\"newsarlux\" \/>\n\t<meta name=\"twitter:label2\" content=\"Tempo di lettura stimato\" \/>\n\t<meta name=\"twitter:data2\" content=\"1 minuto\" \/>\n<script type=\"application\/ld+json\" class=\"yoast-schema-graph\">{\"@context\":\"https:\\\/\\\/schema.org\",\"@graph\":[{\"@type\":\"Article\",\"@id\":\"https:\\\/\\\/www.sarlux.saras.it\\\/it\\\/un-atleta-saras-alla-gara-di-beneficenza-marathon-des-sables\\\/#article\",\"isPartOf\":{\"@id\":\"https:\\\/\\\/www.sarlux.saras.it\\\/it\\\/un-atleta-saras-alla-gara-di-beneficenza-marathon-des-sables\\\/\"},\"author\":{\"name\":\"newsarlux\",\"@id\":\"https:\\\/\\\/www.sarlux.saras.it\\\/it\\\/#\\\/schema\\\/person\\\/c7561934b223f17087f8e08f41b37b83\"},\"headline\":\"Un atleta Saras alla gara di beneficenza Marathon des Sables\",\"datePublished\":\"2016-04-22T12:59:44+00:00\",\"dateModified\":\"2017-12-01T13:26:32+00:00\",\"mainEntityOfPage\":{\"@id\":\"https:\\\/\\\/www.sarlux.saras.it\\\/it\\\/un-atleta-saras-alla-gara-di-beneficenza-marathon-des-sables\\\/\"},\"wordCount\":283,\"commentCount\":0,\"publisher\":{\"@id\":\"https:\\\/\\\/www.sarlux.saras.it\\\/it\\\/#organization\"},\"image\":{\"@id\":\"https:\\\/\\\/www.sarlux.saras.it\\\/it\\\/un-atleta-saras-alla-gara-di-beneficenza-marathon-des-sables\\\/#primaryimage\"},\"thumbnailUrl\":\"\",\"articleSection\":[\"News\"],\"inLanguage\":\"it-IT\",\"potentialAction\":[{\"@type\":\"CommentAction\",\"name\":\"Comment\",\"target\":[\"https:\\\/\\\/www.sarlux.saras.it\\\/it\\\/un-atleta-saras-alla-gara-di-beneficenza-marathon-des-sables\\\/#respond\"]}]},{\"@type\":\"WebPage\",\"@id\":\"https:\\\/\\\/www.sarlux.saras.it\\\/it\\\/un-atleta-saras-alla-gara-di-beneficenza-marathon-des-sables\\\/\",\"url\":\"https:\\\/\\\/www.sarlux.saras.it\\\/it\\\/un-atleta-saras-alla-gara-di-beneficenza-marathon-des-sables\\\/\",\"name\":\"Un atleta Saras alla gara di beneficenza Marathon des Sables - Sarlux Saras | Refining & Power\",\"isPartOf\":{\"@id\":\"https:\\\/\\\/www.sarlux.saras.it\\\/it\\\/#website\"},\"primaryImageOfPage\":{\"@id\":\"https:\\\/\\\/www.sarlux.saras.it\\\/it\\\/un-atleta-saras-alla-gara-di-beneficenza-marathon-des-sables\\\/#primaryimage\"},\"image\":{\"@id\":\"https:\\\/\\\/www.sarlux.saras.it\\\/it\\\/un-atleta-saras-alla-gara-di-beneficenza-marathon-des-sables\\\/#primaryimage\"},\"thumbnailUrl\":\"\",\"datePublished\":\"2016-04-22T12:59:44+00:00\",\"dateModified\":\"2017-12-01T13:26:32+00:00\",\"breadcrumb\":{\"@id\":\"https:\\\/\\\/www.sarlux.saras.it\\\/it\\\/un-atleta-saras-alla-gara-di-beneficenza-marathon-des-sables\\\/#breadcrumb\"},\"inLanguage\":\"it-IT\",\"potentialAction\":[{\"@type\":\"ReadAction\",\"target\":[\"https:\\\/\\\/www.sarlux.saras.it\\\/it\\\/un-atleta-saras-alla-gara-di-beneficenza-marathon-des-sables\\\/\"]}]},{\"@type\":\"ImageObject\",\"inLanguage\":\"it-IT\",\"@id\":\"https:\\\/\\\/www.sarlux.saras.it\\\/it\\\/un-atleta-saras-alla-gara-di-beneficenza-marathon-des-sables\\\/#primaryimage\",\"url\":\"\",\"contentUrl\":\"\"},{\"@type\":\"BreadcrumbList\",\"@id\":\"https:\\\/\\\/www.sarlux.saras.it\\\/it\\\/un-atleta-saras-alla-gara-di-beneficenza-marathon-des-sables\\\/#breadcrumb\",\"itemListElement\":[{\"@type\":\"ListItem\",\"position\":1,\"name\":\"Home\",\"item\":\"https:\\\/\\\/www.sarlux.saras.it\\\/it\\\/\"},{\"@type\":\"ListItem\",\"position\":2,\"name\":\"Un atleta Saras alla gara di beneficenza Marathon des Sables\"}]},{\"@type\":\"WebSite\",\"@id\":\"https:\\\/\\\/www.sarlux.saras.it\\\/it\\\/#website\",\"url\":\"https:\\\/\\\/www.sarlux.saras.it\\\/it\\\/\",\"name\":\"Sarlux\",\"description\":\"\",\"publisher\":{\"@id\":\"https:\\\/\\\/www.sarlux.saras.it\\\/it\\\/#organization\"},\"potentialAction\":[{\"@type\":\"SearchAction\",\"target\":{\"@type\":\"EntryPoint\",\"urlTemplate\":\"https:\\\/\\\/www.sarlux.saras.it\\\/it\\\/?s={search_term_string}\"},\"query-input\":{\"@type\":\"PropertyValueSpecification\",\"valueRequired\":true,\"valueName\":\"search_term_string\"}}],\"inLanguage\":\"it-IT\"},{\"@type\":\"Organization\",\"@id\":\"https:\\\/\\\/www.sarlux.saras.it\\\/it\\\/#organization\",\"name\":\"Sarlux\",\"url\":\"https:\\\/\\\/www.sarlux.saras.it\\\/it\\\/\",\"logo\":{\"@type\":\"ImageObject\",\"inLanguage\":\"it-IT\",\"@id\":\"https:\\\/\\\/www.sarlux.saras.it\\\/it\\\/#\\\/schema\\\/logo\\\/image\\\/\",\"url\":\"https:\\\/\\\/www.sarlux.saras.it\\\/wp-content\\\/uploads\\\/2017\\\/12\\\/logo-pc-1.png\",\"contentUrl\":\"https:\\\/\\\/www.sarlux.saras.it\\\/wp-content\\\/uploads\\\/2017\\\/12\\\/logo-pc-1.png\",\"width\":184,\"height\":86,\"caption\":\"Sarlux\"},\"image\":{\"@id\":\"https:\\\/\\\/www.sarlux.saras.it\\\/it\\\/#\\\/schema\\\/logo\\\/image\\\/\"}},{\"@type\":\"Person\",\"@id\":\"https:\\\/\\\/www.sarlux.saras.it\\\/it\\\/#\\\/schema\\\/person\\\/c7561934b223f17087f8e08f41b37b83\",\"name\":\"newsarlux\",\"image\":{\"@type\":\"ImageObject\",\"inLanguage\":\"it-IT\",\"@id\":\"https:\\\/\\\/secure.gravatar.com\\\/avatar\\\/eb7f74d52340ebedd5480701fcdd6d2904abef8cdb3a51882f629f2dd32d610d?s=96&d=mm&r=g\",\"url\":\"https:\\\/\\\/secure.gravatar.com\\\/avatar\\\/eb7f74d52340ebedd5480701fcdd6d2904abef8cdb3a51882f629f2dd32d610d?s=96&d=mm&r=g\",\"contentUrl\":\"https:\\\/\\\/secure.gravatar.com\\\/avatar\\\/eb7f74d52340ebedd5480701fcdd6d2904abef8cdb3a51882f629f2dd32d610d?s=96&d=mm&r=g\",\"caption\":\"newsarlux\"},\"url\":\"\"}]}<\/script>\n<!-- \/ Yoast SEO plugin. -->","yoast_head_json":{"title":"Un atleta Saras alla gara di beneficenza Marathon des Sables - Sarlux Saras | Refining & Power","robots":{"index":"index","follow":"follow","max-snippet":"max-snippet:-1","max-image-preview":"max-image-preview:large","max-video-preview":"max-video-preview:-1"},"canonical":"https:\/\/www.sarlux.saras.it\/it\/un-atleta-saras-alla-gara-di-beneficenza-marathon-des-sables\/","og_locale":"it_IT","og_type":"article","og_title":"Un atleta Saras alla gara di beneficenza Marathon des Sables - Sarlux Saras | Refining & Power","og_description":"Dal servizio del Supply &amp; Trading della pi\u00f9 grande raffineria del Mediterraneo alle dune del deserto marocchino, alla ricerca di nuovi limiti, in una delle\u00a0competizioni sportive\u00a0pi\u00f9 [\u2026]","og_url":"https:\/\/www.sarlux.saras.it\/it\/un-atleta-saras-alla-gara-di-beneficenza-marathon-des-sables\/","og_site_name":"Sarlux Saras | Refining & Power","article_published_time":"2016-04-22T12:59:44+00:00","article_modified_time":"2017-12-01T13:26:32+00:00","author":"newsarlux","twitter_card":"summary_large_image","twitter_misc":{"Scritto da":"newsarlux","Tempo di lettura stimato":"1 minuto"},"schema":{"@context":"https:\/\/schema.org","@graph":[{"@type":"Article","@id":"https:\/\/www.sarlux.saras.it\/it\/un-atleta-saras-alla-gara-di-beneficenza-marathon-des-sables\/#article","isPartOf":{"@id":"https:\/\/www.sarlux.saras.it\/it\/un-atleta-saras-alla-gara-di-beneficenza-marathon-des-sables\/"},"author":{"name":"newsarlux","@id":"https:\/\/www.sarlux.saras.it\/it\/#\/schema\/person\/c7561934b223f17087f8e08f41b37b83"},"headline":"Un atleta Saras alla gara di beneficenza Marathon des Sables","datePublished":"2016-04-22T12:59:44+00:00","dateModified":"2017-12-01T13:26:32+00:00","mainEntityOfPage":{"@id":"https:\/\/www.sarlux.saras.it\/it\/un-atleta-saras-alla-gara-di-beneficenza-marathon-des-sables\/"},"wordCount":283,"commentCount":0,"publisher":{"@id":"https:\/\/www.sarlux.saras.it\/it\/#organization"},"image":{"@id":"https:\/\/www.sarlux.saras.it\/it\/un-atleta-saras-alla-gara-di-beneficenza-marathon-des-sables\/#primaryimage"},"thumbnailUrl":"","articleSection":["News"],"inLanguage":"it-IT","potentialAction":[{"@type":"CommentAction","name":"Comment","target":["https:\/\/www.sarlux.saras.it\/it\/un-atleta-saras-alla-gara-di-beneficenza-marathon-des-sables\/#respond"]}]},{"@type":"WebPage","@id":"https:\/\/www.sarlux.saras.it\/it\/un-atleta-saras-alla-gara-di-beneficenza-marathon-des-sables\/","url":"https:\/\/www.sarlux.saras.it\/it\/un-atleta-saras-alla-gara-di-beneficenza-marathon-des-sables\/","name":"Un atleta Saras alla gara di beneficenza Marathon des Sables - Sarlux Saras | Refining & Power","isPartOf":{"@id":"https:\/\/www.sarlux.saras.it\/it\/#website"},"primaryImageOfPage":{"@id":"https:\/\/www.sarlux.saras.it\/it\/un-atleta-saras-alla-gara-di-beneficenza-marathon-des-sables\/#primaryimage"},"image":{"@id":"https:\/\/www.sarlux.saras.it\/it\/un-atleta-saras-alla-gara-di-beneficenza-marathon-des-sables\/#primaryimage"},"thumbnailUrl":"","datePublished":"2016-04-22T12:59:44+00:00","dateModified":"2017-12-01T13:26:32+00:00","breadcrumb":{"@id":"https:\/\/www.sarlux.saras.it\/it\/un-atleta-saras-alla-gara-di-beneficenza-marathon-des-sables\/#breadcrumb"},"inLanguage":"it-IT","potentialAction":[{"@type":"ReadAction","target":["https:\/\/www.sarlux.saras.it\/it\/un-atleta-saras-alla-gara-di-beneficenza-marathon-des-sables\/"]}]},{"@type":"ImageObject","inLanguage":"it-IT","@id":"https:\/\/www.sarlux.saras.it\/it\/un-atleta-saras-alla-gara-di-beneficenza-marathon-des-sables\/#primaryimage","url":"","contentUrl":""},{"@type":"BreadcrumbList","@id":"https:\/\/www.sarlux.saras.it\/it\/un-atleta-saras-alla-gara-di-beneficenza-marathon-des-sables\/#breadcrumb","itemListElement":[{"@type":"ListItem","position":1,"name":"Home","item":"https:\/\/www.sarlux.saras.it\/it\/"},{"@type":"ListItem","position":2,"name":"Un atleta Saras alla gara di beneficenza Marathon des Sables"}]},{"@type":"WebSite","@id":"https:\/\/www.sarlux.saras.it\/it\/#website","url":"https:\/\/www.sarlux.saras.it\/it\/","name":"Sarlux","description":"","publisher":{"@id":"https:\/\/www.sarlux.saras.it\/it\/#organization"},"potentialAction":[{"@type":"SearchAction","target":{"@type":"EntryPoint","urlTemplate":"https:\/\/www.sarlux.saras.it\/it\/?s={search_term_string}"},"query-input":{"@type":"PropertyValueSpecification","valueRequired":true,"valueName":"search_term_string"}}],"inLanguage":"it-IT"},{"@type":"Organization","@id":"https:\/\/www.sarlux.saras.it\/it\/#organization","name":"Sarlux","url":"https:\/\/www.sarlux.saras.it\/it\/","logo":{"@type":"ImageObject","inLanguage":"it-IT","@id":"https:\/\/www.sarlux.saras.it\/it\/#\/schema\/logo\/image\/","url":"https:\/\/www.sarlux.saras.it\/wp-content\/uploads\/2017\/12\/logo-pc-1.png","contentUrl":"https:\/\/www.sarlux.saras.it\/wp-content\/uploads\/2017\/12\/logo-pc-1.png","width":184,"height":86,"caption":"Sarlux"},"image":{"@id":"https:\/\/www.sarlux.saras.it\/it\/#\/schema\/logo\/image\/"}},{"@type":"Person","@id":"https:\/\/www.sarlux.saras.it\/it\/#\/schema\/person\/c7561934b223f17087f8e08f41b37b83","name":"newsarlux","image":{"@type":"ImageObject","inLanguage":"it-IT","@id":"https:\/\/secure.gravatar.com\/avatar\/eb7f74d52340ebedd5480701fcdd6d2904abef8cdb3a51882f629f2dd32d610d?s=96&d=mm&r=g","url":"https:\/\/secure.gravatar.com\/avatar\/eb7f74d52340ebedd5480701fcdd6d2904abef8cdb3a51882f629f2dd32d610d?s=96&d=mm&r=g","contentUrl":"https:\/\/secure.gravatar.com\/avatar\/eb7f74d52340ebedd5480701fcdd6d2904abef8cdb3a51882f629f2dd32d610d?s=96&d=mm&r=g","caption":"newsarlux"},"url":""}]}},"_links":{"self":[{"href":"https:\/\/www.sarlux.saras.it\/it\/wp-json\/wp\/v2\/posts\/62820","targetHints":{"allow":["GET"]}}],"collection":[{"href":"https:\/\/www.sarlux.saras.it\/it\/wp-json\/wp\/v2\/posts"}],"about":[{"href":"https:\/\/www.sarlux.saras.it\/it\/wp-json\/wp\/v2\/types\/post"}],"author":[{"embeddable":true,"href":"https:\/\/www.sarlux.saras.it\/it\/wp-json\/wp\/v2\/users\/2"}],"replies":[{"embeddable":true,"href":"https:\/\/www.sarlux.saras.it\/it\/wp-json\/wp\/v2\/comments?post=62820"}],"version-history":[{"count":1,"href":"https:\/\/www.sarlux.saras.it\/it\/wp-json\/wp\/v2\/posts\/62820\/revisions"}],"predecessor-version":[{"id":524320,"href":"https:\/\/www.sarlux.saras.it\/it\/wp-json\/wp\/v2\/posts\/62820\/revisions\/524320"}],"wp:featuredmedia":[{"embeddable":true,"href":"https:\/\/www.sarlux.saras.it\/it\/wp-json\/"}],"wp:attachment":[{"href":"https:\/\/www.sarlux.saras.it\/it\/wp-json\/wp\/v2\/media?parent=62820"}],"wp:term":[{"taxonomy":"category","embeddable":true,"href":"https:\/\/www.sarlux.saras.it\/it\/wp-json\/wp\/v2\/categories?post=62820"},{"taxonomy":"post_tag","embeddable":true,"href":"https:\/\/www.sarlux.saras.it\/it\/wp-json\/wp\/v2\/tags?post=62820"}],"curies":[{"name":"wp","href":"https:\/\/api.w.org\/{rel}","templated":true}]}}