{"id":63234,"date":"2016-05-25T20:24:13","date_gmt":"2016-05-25T20:24:13","guid":{"rendered":"http:\/\/www.sarlux.saras.it\/?p=63234"},"modified":"2017-12-01T13:26:32","modified_gmt":"2017-12-01T13:26:32","slug":"rain-raccontami-linnovazione-2016-vince-tempi-moderni","status":"publish","type":"post","link":"https:\/\/www.sarlux.saras.it\/it\/rain-raccontami-linnovazione-2016-vince-tempi-moderni\/","title":{"rendered":"RaIn! Raccontami l\u2019Innovazione 2016: vince \u201cTempi moderni\u201d"},"content":{"rendered":"<div id=\"attachment_63304\" style=\"width: 417px\" class=\"wp-caption aligncenter\"><img loading=\"lazy\" decoding=\"async\" aria-describedby=\"caption-attachment-63304\" class=\"wp-image-63304 size-full\" src=\"http:\/\/www.sarlux.saras.it\/wp-content\/uploads\/2016\/06\/tempi_moderni-1-1.png\" alt=\"Due studenti dell'Ipia Ferraris di Iglesias vincono la Ii edizione e un viaggio a Barcellona con visita al Fab Lab\" width=\"407\" height=\"494\" \/><p id=\"caption-attachment-63304\" class=\"wp-caption-text\">Due studenti dell&#8217;Ipia Ferraris di Iglesias vincono la seconda edizione del concorso, per loro un viaggio a Barcellona con visita al Fab Lab<\/p><\/div>\n<p>&nbsp;<\/p>\n<p>Citazioni da cineasti navigati, ma anche provocazioni critiche sullo stato di perenne connessione, fino ai temi di rilevanza sociale come il superamento della disabilit\u00e0 grazie alla tecnologia. Sono vari gli stimoli che hanno ispirato i giovani videomaker che hanno partecipato al concorso \u201cRaccontami l\u2019Innovazione\u201d, seconda edizione, bandito da Saras e dall\u2019associazione Sardegna 2050 per gli studenti della secondaria del sud Sardegna. Ma dal prossimo anno sanno coinvolti anche i giovani talenti del nord Sardegna. Il concorso ha avuto il patrocinio del Ministero dell\u2019Istruzione, Universit\u00e0 e Ricerca, attraverso la Direzione scolastica regionale della Sardegna.<\/p>\n<p>I ragazzi sono stati chiamati ad immaginare il futuro con un video di tre\u00a0minuti, preferibilmente da girare con lo smartphone. In tanti si sono cimentati con le immagini per descrivere le innovazioni che cambieranno la nostra vita nei settori previsti dal regolamento: comunicazione, mobilit\u00e0, scuola, energia, sanit\u00e0, identit\u00e0, turismo, lavoro, sostenibilit\u00e0.\u00a0La giuria ha scelto tre video di particolare pregio, sebbene tutti i lavori meritino una menzione speciale per la forza narrativa che ha contraddistinto quasi tutte le proposte.<\/p>\n<p><strong><u>Primo classificato<\/u><\/strong>: \u201cTempi moderni\u201d \u2013 Ipia Galileo Ferraris di Iglesias \u2013 autori Luca Lampis, Marco Nannizzi e Gianmarco Cical\u00f2, docente tutor Nicoletta Schirru. Al gruppo va un voucher per viaggio, soggiorno di 3 giorni a Barcellona con una visita programmata al Fab Lab di Barcellona, la fabbrica d\u2019innovazione pi\u00f9 creativa d\u2019Europa. Con una \u201cpellicola\u201d in bianco e nero, degna del richiamo ai tempi moderni di Chaplin, e\u00a0un forte riferimento al Metropolis di Fritz Lang, gli autori hanno ideato e realizzato, con materiali di recupero, un robot semovente in grado di svolgere attivit\u00e0 pericolose per l\u2019uomo in ambienti inospitali. La giuria ha valutato in particolare la qualit\u00e0 della narrazione, con un\u2019ottima trama e un solido legame tra filmato e sonoro.<\/p>\n<p>[su_youtube_advanced url=&#8221;https:\/\/youtu.be\/DMpGD0RqUJo?list=PLpJSuAATZFOkL4yK9ie7Zvq1x805YAO-X&#8221; height=&#8221;560&#8243; rel=&#8221;no&#8221;]<\/p>\n<p><img loading=\"lazy\" decoding=\"async\" class=\"alignnone size-large wp-image-63293\" src=\"http:\/\/www.sarlux.saras.it\/wp-content\/uploads\/2016\/06\/FERRARIS-PREMIAZIONE-1024x576.jpg\" alt=\"FERRARIS PREMIAZIONE\" width=\"960\" height=\"540\" \/><\/p>\n<p><span style=\"text-decoration: underline;\"><strong>Secondo classificato<\/strong><\/span>:\u00a0ITIS Michele Giua di Cagliari &#8211; titolo: \u201cSmar3D &amp; Gemma Sonica\u201d &#8211; autori Valentino Zuliani, Federico Scioni e Preet Inder Saini, docente tutor Antonello Zizi. Vincono viaggio di 2 giorni, soggiorno e una visita guidata al \u201cFab Lab\u201d della Citt\u00e0 della Scienza di Napoli.\u00a0Il team ha ideato e realizzato un sistema, leggero e indossabile comodamente come un cappellino o un ciondolo, che segnala ai non vedenti o agli ipovedenti la presenza di ostacoli lungo il loro cammino. \u201cRaIn\u201d premia l\u2019originalit\u00e0 dell\u2019innovazione proposta e l\u2019elevato impatto sociale che tale proposta potrebbe rappresentare, per uno delle tante soluzioni proposte dall\u2019Hi-Lab dell\u2019istituto Giua.<\/p>\n<p>[su_youtube_advanced url=&#8221;https:\/\/youtu.be\/77V8tl_Mjmk?list=PLpJSuAATZFOkL4yK9ie7Zvq1x805YAO-X&#8221; height=&#8221;560&#8243; rel=&#8221;no&#8221;]<\/p>\n<p><img loading=\"lazy\" decoding=\"async\" class=\"alignnone size-large wp-image-63295\" src=\"http:\/\/www.sarlux.saras.it\/wp-content\/uploads\/2016\/06\/20160525_192410-1024x576.jpg\" alt=\"20160525_192410\" width=\"960\" height=\"540\" \/><\/p>\n<p><strong><span style=\"text-decoration: underline;\">Terzo classificato<\/span>:\u00a0<\/strong>Istituto Domenico Alberto Azuni di Cagliari, a indirizzo tecnico grafico &#8211; titolo: \u201cFatto!\u201d \u2013 autori Lorenzo Eriu, Raffaele Serra e Paolo Ghiani, docente tutor prof.ssa Stefania Grilli. Vincono una action camera Go-pro 4 per ogni studente del gruppo. Il confronto generazionale, potenzialit\u00e0 e limiti della diffusione della tecnologia sono descritti con ironia e una considerevole capacit\u00e0 tecnica che strizza l\u2019occhio al secondo neorealismo italiano degli anni Settanta. Gli autori di questo filmato hanno inventato una fantomatica app chiamata \u201cFatto!\u201d, che consente di sbrigare commissioni direttamente da casa, salvo poi accorgersi che non tutto si pu\u00f2 risolvere con la tecnologia. La giuria ha ritenuto questo filmato un modo alternativo di descrivere l\u2019innovazione, con uno sguardo dissacrante che stimola riflessione e autocritica.<\/p>\n<p>[su_youtube_advanced url=&#8221;https:\/\/youtu.be\/L-EJ8URerl0?list=PLpJSuAATZFOkL4yK9ie7Zvq1x805YAO-X&#8221; height=&#8221;560&#8243; rel=&#8221;no&#8221;]<\/p>\n<p><img loading=\"lazy\" decoding=\"async\" class=\"alignnone size-full wp-image-63289\" src=\"http:\/\/www.sarlux.saras.it\/wp-content\/uploads\/2016\/06\/Studenti-Ferraris-I-posto-RaIn.png\" alt=\"Studenti Ferraris I posto RaIn\" width=\"769\" height=\"472\" \/><\/p>\n<p>l team vincitore di RaIn 2016 potr\u00e0 presentare la sua idea di innovazione alla manifestazione nazionale di Scintille (<a href=\"http:\/\/www.cniscintille.it\/\">www.cniscintille.it<\/a>), che si terr\u00e0 al Teatro Massimo di Palermo il 22 giugno 2016. La manifestazione \u00e8 patrocinata e sostenuta dal MIUR.<\/p>\n<p>Gli autori dei 10 video finalisti potranno presentare il loro filmato alla manifestazione \u201cofficinepermanenti\u201d in programma il 15 luglio a Cagliari, nella sezione &#8220;Scuola e innovazione&#8221;. Oltre ai primi tre, sono entrati in finale i video:<\/p>\n<p>&#8211;\u00a0\u00a0\u00a0\u00a0\u00a0\u00a0 Basta distrazioni con DLC (di Mattia Atzeni, Simone Demuro e Luca Usala, tutor Antonello Zizi, Giua),<\/p>\n<p>&#8211;\u00a0\u00a0\u00a0\u00a0\u00a0\u00a0 Grazie tecnologia (di Bianca Gregu e Michele Garau, tutor Stefania Grilli, Azuni),<\/p>\n<p>&#8211;\u00a0\u00a0\u00a0\u00a0\u00a0\u00a0 Raptor L&#8217;ultima speranza (di Lebiu Christian, Daniele Dolci e Andrea Putzolu, tutor Nicoletta Schirru),<\/p>\n<p>&#8211;\u00a0\u00a0\u00a0\u00a0\u00a0\u00a0 Augmented Reality (di Nicole Melis, Lucrezia Pinna e Matteo Vaccargiu, tutor Maria Luisa Zonno, Baccaredda)<\/p>\n<p>&#8211;\u00a0\u00a0\u00a0\u00a0\u00a0\u00a0 Lestru (di Mersia Carboni e Michela Cidu, tutor Marcello Banchero, Pitagora),<\/p>\n<p>&#8211;\u00a0\u00a0\u00a0\u00a0\u00a0\u00a0 NCA &#8211; Nuovo Cuore Artificiale (di Marcello Chirri e Alessandro Sechi, tutor Antonello Zizi, Giua)<\/p>\n<p>&#8211; \u00a0 \u00a0 \u00a0 Good Morning 2050 (di Andrea Sirca, Marco Mullano e Claudio Suergiu, tutor Tarcisio Anedda, Scano).<\/p>\n<p>&nbsp;<\/p>\n","protected":false},"excerpt":{"rendered":"<p>&nbsp; Citazioni da cineasti navigati, ma anche provocazioni critiche sullo stato di perenne connessione, fino ai temi di rilevanza sociale come il superamento della disabilit\u00e0 grazie<span class=\"excerpt-hellip\"> [\u2026]<\/span><\/p>\n","protected":false},"author":2,"featured_media":63292,"comment_status":"open","ping_status":"open","sticky":false,"template":"","format":"standard","meta":{"_acf_changed":false,"inline_featured_image":false,"footnotes":""},"categories":[17],"tags":[],"class_list":["post-63234","post","type-post","status-publish","format-standard","has-post-thumbnail","hentry","category-news"],"acf":[],"yoast_head":"<!-- This site is optimized with the Yoast SEO plugin v27.3 - https:\/\/yoast.com\/product\/yoast-seo-wordpress\/ -->\n<title>RaIn! Raccontami l\u2019Innovazione 2016: vince \u201cTempi moderni\u201d - Sarlux Saras | Refining &amp; Power<\/title>\n<meta name=\"robots\" content=\"index, follow, max-snippet:-1, max-image-preview:large, max-video-preview:-1\" \/>\n<link rel=\"canonical\" href=\"https:\/\/www.sarlux.saras.it\/it\/rain-raccontami-linnovazione-2016-vince-tempi-moderni\/\" \/>\n<meta property=\"og:locale\" content=\"it_IT\" \/>\n<meta property=\"og:type\" content=\"article\" \/>\n<meta property=\"og:title\" content=\"RaIn! Raccontami l\u2019Innovazione 2016: vince \u201cTempi moderni\u201d - Sarlux Saras | Refining &amp; Power\" \/>\n<meta property=\"og:description\" content=\"&nbsp; Citazioni da cineasti navigati, ma anche provocazioni critiche sullo stato di perenne connessione, fino ai temi di rilevanza sociale come il superamento della disabilit\u00e0 grazie [\u2026]\" \/>\n<meta property=\"og:url\" content=\"https:\/\/www.sarlux.saras.it\/it\/rain-raccontami-linnovazione-2016-vince-tempi-moderni\/\" \/>\n<meta property=\"og:site_name\" content=\"Sarlux Saras | Refining &amp; Power\" \/>\n<meta property=\"article:published_time\" content=\"2016-05-25T20:24:13+00:00\" \/>\n<meta property=\"article:modified_time\" content=\"2017-12-01T13:26:32+00:00\" \/>\n<meta name=\"author\" content=\"newsarlux\" \/>\n<meta name=\"twitter:card\" content=\"summary_large_image\" \/>\n<meta name=\"twitter:label1\" content=\"Scritto da\" \/>\n\t<meta name=\"twitter:data1\" content=\"newsarlux\" \/>\n\t<meta name=\"twitter:label2\" content=\"Tempo di lettura stimato\" \/>\n\t<meta name=\"twitter:data2\" content=\"4 minuti\" \/>\n<script type=\"application\/ld+json\" class=\"yoast-schema-graph\">{\"@context\":\"https:\\\/\\\/schema.org\",\"@graph\":[{\"@type\":\"Article\",\"@id\":\"https:\\\/\\\/www.sarlux.saras.it\\\/it\\\/rain-raccontami-linnovazione-2016-vince-tempi-moderni\\\/#article\",\"isPartOf\":{\"@id\":\"https:\\\/\\\/www.sarlux.saras.it\\\/it\\\/rain-raccontami-linnovazione-2016-vince-tempi-moderni\\\/\"},\"author\":{\"name\":\"newsarlux\",\"@id\":\"https:\\\/\\\/www.sarlux.saras.it\\\/it\\\/#\\\/schema\\\/person\\\/c7561934b223f17087f8e08f41b37b83\"},\"headline\":\"RaIn! Raccontami l\u2019Innovazione 2016: vince \u201cTempi moderni\u201d\",\"datePublished\":\"2016-05-25T20:24:13+00:00\",\"dateModified\":\"2017-12-01T13:26:32+00:00\",\"mainEntityOfPage\":{\"@id\":\"https:\\\/\\\/www.sarlux.saras.it\\\/it\\\/rain-raccontami-linnovazione-2016-vince-tempi-moderni\\\/\"},\"wordCount\":799,\"commentCount\":0,\"publisher\":{\"@id\":\"https:\\\/\\\/www.sarlux.saras.it\\\/it\\\/#organization\"},\"image\":{\"@id\":\"https:\\\/\\\/www.sarlux.saras.it\\\/it\\\/rain-raccontami-linnovazione-2016-vince-tempi-moderni\\\/#primaryimage\"},\"thumbnailUrl\":\"\",\"articleSection\":[\"News\"],\"inLanguage\":\"it-IT\",\"potentialAction\":[{\"@type\":\"CommentAction\",\"name\":\"Comment\",\"target\":[\"https:\\\/\\\/www.sarlux.saras.it\\\/it\\\/rain-raccontami-linnovazione-2016-vince-tempi-moderni\\\/#respond\"]}]},{\"@type\":\"WebPage\",\"@id\":\"https:\\\/\\\/www.sarlux.saras.it\\\/it\\\/rain-raccontami-linnovazione-2016-vince-tempi-moderni\\\/\",\"url\":\"https:\\\/\\\/www.sarlux.saras.it\\\/it\\\/rain-raccontami-linnovazione-2016-vince-tempi-moderni\\\/\",\"name\":\"RaIn! Raccontami l\u2019Innovazione 2016: vince \u201cTempi moderni\u201d - Sarlux Saras | Refining & Power\",\"isPartOf\":{\"@id\":\"https:\\\/\\\/www.sarlux.saras.it\\\/it\\\/#website\"},\"primaryImageOfPage\":{\"@id\":\"https:\\\/\\\/www.sarlux.saras.it\\\/it\\\/rain-raccontami-linnovazione-2016-vince-tempi-moderni\\\/#primaryimage\"},\"image\":{\"@id\":\"https:\\\/\\\/www.sarlux.saras.it\\\/it\\\/rain-raccontami-linnovazione-2016-vince-tempi-moderni\\\/#primaryimage\"},\"thumbnailUrl\":\"\",\"datePublished\":\"2016-05-25T20:24:13+00:00\",\"dateModified\":\"2017-12-01T13:26:32+00:00\",\"breadcrumb\":{\"@id\":\"https:\\\/\\\/www.sarlux.saras.it\\\/it\\\/rain-raccontami-linnovazione-2016-vince-tempi-moderni\\\/#breadcrumb\"},\"inLanguage\":\"it-IT\",\"potentialAction\":[{\"@type\":\"ReadAction\",\"target\":[\"https:\\\/\\\/www.sarlux.saras.it\\\/it\\\/rain-raccontami-linnovazione-2016-vince-tempi-moderni\\\/\"]}]},{\"@type\":\"ImageObject\",\"inLanguage\":\"it-IT\",\"@id\":\"https:\\\/\\\/www.sarlux.saras.it\\\/it\\\/rain-raccontami-linnovazione-2016-vince-tempi-moderni\\\/#primaryimage\",\"url\":\"\",\"contentUrl\":\"\"},{\"@type\":\"BreadcrumbList\",\"@id\":\"https:\\\/\\\/www.sarlux.saras.it\\\/it\\\/rain-raccontami-linnovazione-2016-vince-tempi-moderni\\\/#breadcrumb\",\"itemListElement\":[{\"@type\":\"ListItem\",\"position\":1,\"name\":\"Home\",\"item\":\"https:\\\/\\\/www.sarlux.saras.it\\\/it\\\/\"},{\"@type\":\"ListItem\",\"position\":2,\"name\":\"RaIn! Raccontami l\u2019Innovazione 2016: vince \u201cTempi moderni\u201d\"}]},{\"@type\":\"WebSite\",\"@id\":\"https:\\\/\\\/www.sarlux.saras.it\\\/it\\\/#website\",\"url\":\"https:\\\/\\\/www.sarlux.saras.it\\\/it\\\/\",\"name\":\"Sarlux\",\"description\":\"\",\"publisher\":{\"@id\":\"https:\\\/\\\/www.sarlux.saras.it\\\/it\\\/#organization\"},\"potentialAction\":[{\"@type\":\"SearchAction\",\"target\":{\"@type\":\"EntryPoint\",\"urlTemplate\":\"https:\\\/\\\/www.sarlux.saras.it\\\/it\\\/?s={search_term_string}\"},\"query-input\":{\"@type\":\"PropertyValueSpecification\",\"valueRequired\":true,\"valueName\":\"search_term_string\"}}],\"inLanguage\":\"it-IT\"},{\"@type\":\"Organization\",\"@id\":\"https:\\\/\\\/www.sarlux.saras.it\\\/it\\\/#organization\",\"name\":\"Sarlux\",\"url\":\"https:\\\/\\\/www.sarlux.saras.it\\\/it\\\/\",\"logo\":{\"@type\":\"ImageObject\",\"inLanguage\":\"it-IT\",\"@id\":\"https:\\\/\\\/www.sarlux.saras.it\\\/it\\\/#\\\/schema\\\/logo\\\/image\\\/\",\"url\":\"https:\\\/\\\/www.sarlux.saras.it\\\/wp-content\\\/uploads\\\/2017\\\/12\\\/logo-pc-1.png\",\"contentUrl\":\"https:\\\/\\\/www.sarlux.saras.it\\\/wp-content\\\/uploads\\\/2017\\\/12\\\/logo-pc-1.png\",\"width\":184,\"height\":86,\"caption\":\"Sarlux\"},\"image\":{\"@id\":\"https:\\\/\\\/www.sarlux.saras.it\\\/it\\\/#\\\/schema\\\/logo\\\/image\\\/\"}},{\"@type\":\"Person\",\"@id\":\"https:\\\/\\\/www.sarlux.saras.it\\\/it\\\/#\\\/schema\\\/person\\\/c7561934b223f17087f8e08f41b37b83\",\"name\":\"newsarlux\",\"image\":{\"@type\":\"ImageObject\",\"inLanguage\":\"it-IT\",\"@id\":\"https:\\\/\\\/secure.gravatar.com\\\/avatar\\\/eb7f74d52340ebedd5480701fcdd6d2904abef8cdb3a51882f629f2dd32d610d?s=96&d=mm&r=g\",\"url\":\"https:\\\/\\\/secure.gravatar.com\\\/avatar\\\/eb7f74d52340ebedd5480701fcdd6d2904abef8cdb3a51882f629f2dd32d610d?s=96&d=mm&r=g\",\"contentUrl\":\"https:\\\/\\\/secure.gravatar.com\\\/avatar\\\/eb7f74d52340ebedd5480701fcdd6d2904abef8cdb3a51882f629f2dd32d610d?s=96&d=mm&r=g\",\"caption\":\"newsarlux\"},\"url\":\"\"}]}<\/script>\n<!-- \/ Yoast SEO plugin. -->","yoast_head_json":{"title":"RaIn! Raccontami l\u2019Innovazione 2016: vince \u201cTempi moderni\u201d - Sarlux Saras | Refining & Power","robots":{"index":"index","follow":"follow","max-snippet":"max-snippet:-1","max-image-preview":"max-image-preview:large","max-video-preview":"max-video-preview:-1"},"canonical":"https:\/\/www.sarlux.saras.it\/it\/rain-raccontami-linnovazione-2016-vince-tempi-moderni\/","og_locale":"it_IT","og_type":"article","og_title":"RaIn! Raccontami l\u2019Innovazione 2016: vince \u201cTempi moderni\u201d - Sarlux Saras | Refining & Power","og_description":"&nbsp; Citazioni da cineasti navigati, ma anche provocazioni critiche sullo stato di perenne connessione, fino ai temi di rilevanza sociale come il superamento della disabilit\u00e0 grazie [\u2026]","og_url":"https:\/\/www.sarlux.saras.it\/it\/rain-raccontami-linnovazione-2016-vince-tempi-moderni\/","og_site_name":"Sarlux Saras | Refining & Power","article_published_time":"2016-05-25T20:24:13+00:00","article_modified_time":"2017-12-01T13:26:32+00:00","author":"newsarlux","twitter_card":"summary_large_image","twitter_misc":{"Scritto da":"newsarlux","Tempo di lettura stimato":"4 minuti"},"schema":{"@context":"https:\/\/schema.org","@graph":[{"@type":"Article","@id":"https:\/\/www.sarlux.saras.it\/it\/rain-raccontami-linnovazione-2016-vince-tempi-moderni\/#article","isPartOf":{"@id":"https:\/\/www.sarlux.saras.it\/it\/rain-raccontami-linnovazione-2016-vince-tempi-moderni\/"},"author":{"name":"newsarlux","@id":"https:\/\/www.sarlux.saras.it\/it\/#\/schema\/person\/c7561934b223f17087f8e08f41b37b83"},"headline":"RaIn! Raccontami l\u2019Innovazione 2016: vince \u201cTempi moderni\u201d","datePublished":"2016-05-25T20:24:13+00:00","dateModified":"2017-12-01T13:26:32+00:00","mainEntityOfPage":{"@id":"https:\/\/www.sarlux.saras.it\/it\/rain-raccontami-linnovazione-2016-vince-tempi-moderni\/"},"wordCount":799,"commentCount":0,"publisher":{"@id":"https:\/\/www.sarlux.saras.it\/it\/#organization"},"image":{"@id":"https:\/\/www.sarlux.saras.it\/it\/rain-raccontami-linnovazione-2016-vince-tempi-moderni\/#primaryimage"},"thumbnailUrl":"","articleSection":["News"],"inLanguage":"it-IT","potentialAction":[{"@type":"CommentAction","name":"Comment","target":["https:\/\/www.sarlux.saras.it\/it\/rain-raccontami-linnovazione-2016-vince-tempi-moderni\/#respond"]}]},{"@type":"WebPage","@id":"https:\/\/www.sarlux.saras.it\/it\/rain-raccontami-linnovazione-2016-vince-tempi-moderni\/","url":"https:\/\/www.sarlux.saras.it\/it\/rain-raccontami-linnovazione-2016-vince-tempi-moderni\/","name":"RaIn! Raccontami l\u2019Innovazione 2016: vince \u201cTempi moderni\u201d - Sarlux Saras | Refining & Power","isPartOf":{"@id":"https:\/\/www.sarlux.saras.it\/it\/#website"},"primaryImageOfPage":{"@id":"https:\/\/www.sarlux.saras.it\/it\/rain-raccontami-linnovazione-2016-vince-tempi-moderni\/#primaryimage"},"image":{"@id":"https:\/\/www.sarlux.saras.it\/it\/rain-raccontami-linnovazione-2016-vince-tempi-moderni\/#primaryimage"},"thumbnailUrl":"","datePublished":"2016-05-25T20:24:13+00:00","dateModified":"2017-12-01T13:26:32+00:00","breadcrumb":{"@id":"https:\/\/www.sarlux.saras.it\/it\/rain-raccontami-linnovazione-2016-vince-tempi-moderni\/#breadcrumb"},"inLanguage":"it-IT","potentialAction":[{"@type":"ReadAction","target":["https:\/\/www.sarlux.saras.it\/it\/rain-raccontami-linnovazione-2016-vince-tempi-moderni\/"]}]},{"@type":"ImageObject","inLanguage":"it-IT","@id":"https:\/\/www.sarlux.saras.it\/it\/rain-raccontami-linnovazione-2016-vince-tempi-moderni\/#primaryimage","url":"","contentUrl":""},{"@type":"BreadcrumbList","@id":"https:\/\/www.sarlux.saras.it\/it\/rain-raccontami-linnovazione-2016-vince-tempi-moderni\/#breadcrumb","itemListElement":[{"@type":"ListItem","position":1,"name":"Home","item":"https:\/\/www.sarlux.saras.it\/it\/"},{"@type":"ListItem","position":2,"name":"RaIn! Raccontami l\u2019Innovazione 2016: vince \u201cTempi moderni\u201d"}]},{"@type":"WebSite","@id":"https:\/\/www.sarlux.saras.it\/it\/#website","url":"https:\/\/www.sarlux.saras.it\/it\/","name":"Sarlux","description":"","publisher":{"@id":"https:\/\/www.sarlux.saras.it\/it\/#organization"},"potentialAction":[{"@type":"SearchAction","target":{"@type":"EntryPoint","urlTemplate":"https:\/\/www.sarlux.saras.it\/it\/?s={search_term_string}"},"query-input":{"@type":"PropertyValueSpecification","valueRequired":true,"valueName":"search_term_string"}}],"inLanguage":"it-IT"},{"@type":"Organization","@id":"https:\/\/www.sarlux.saras.it\/it\/#organization","name":"Sarlux","url":"https:\/\/www.sarlux.saras.it\/it\/","logo":{"@type":"ImageObject","inLanguage":"it-IT","@id":"https:\/\/www.sarlux.saras.it\/it\/#\/schema\/logo\/image\/","url":"https:\/\/www.sarlux.saras.it\/wp-content\/uploads\/2017\/12\/logo-pc-1.png","contentUrl":"https:\/\/www.sarlux.saras.it\/wp-content\/uploads\/2017\/12\/logo-pc-1.png","width":184,"height":86,"caption":"Sarlux"},"image":{"@id":"https:\/\/www.sarlux.saras.it\/it\/#\/schema\/logo\/image\/"}},{"@type":"Person","@id":"https:\/\/www.sarlux.saras.it\/it\/#\/schema\/person\/c7561934b223f17087f8e08f41b37b83","name":"newsarlux","image":{"@type":"ImageObject","inLanguage":"it-IT","@id":"https:\/\/secure.gravatar.com\/avatar\/eb7f74d52340ebedd5480701fcdd6d2904abef8cdb3a51882f629f2dd32d610d?s=96&d=mm&r=g","url":"https:\/\/secure.gravatar.com\/avatar\/eb7f74d52340ebedd5480701fcdd6d2904abef8cdb3a51882f629f2dd32d610d?s=96&d=mm&r=g","contentUrl":"https:\/\/secure.gravatar.com\/avatar\/eb7f74d52340ebedd5480701fcdd6d2904abef8cdb3a51882f629f2dd32d610d?s=96&d=mm&r=g","caption":"newsarlux"},"url":""}]}},"_links":{"self":[{"href":"https:\/\/www.sarlux.saras.it\/it\/wp-json\/wp\/v2\/posts\/63234","targetHints":{"allow":["GET"]}}],"collection":[{"href":"https:\/\/www.sarlux.saras.it\/it\/wp-json\/wp\/v2\/posts"}],"about":[{"href":"https:\/\/www.sarlux.saras.it\/it\/wp-json\/wp\/v2\/types\/post"}],"author":[{"embeddable":true,"href":"https:\/\/www.sarlux.saras.it\/it\/wp-json\/wp\/v2\/users\/2"}],"replies":[{"embeddable":true,"href":"https:\/\/www.sarlux.saras.it\/it\/wp-json\/wp\/v2\/comments?post=63234"}],"version-history":[{"count":1,"href":"https:\/\/www.sarlux.saras.it\/it\/wp-json\/wp\/v2\/posts\/63234\/revisions"}],"predecessor-version":[{"id":524311,"href":"https:\/\/www.sarlux.saras.it\/it\/wp-json\/wp\/v2\/posts\/63234\/revisions\/524311"}],"wp:featuredmedia":[{"embeddable":true,"href":"https:\/\/www.sarlux.saras.it\/it\/wp-json\/"}],"wp:attachment":[{"href":"https:\/\/www.sarlux.saras.it\/it\/wp-json\/wp\/v2\/media?parent=63234"}],"wp:term":[{"taxonomy":"category","embeddable":true,"href":"https:\/\/www.sarlux.saras.it\/it\/wp-json\/wp\/v2\/categories?post=63234"},{"taxonomy":"post_tag","embeddable":true,"href":"https:\/\/www.sarlux.saras.it\/it\/wp-json\/wp\/v2\/tags?post=63234"}],"curies":[{"name":"wp","href":"https:\/\/api.w.org\/{rel}","templated":true}]}}