{"id":63595,"date":"2016-07-05T21:13:12","date_gmt":"2016-07-05T21:13:12","guid":{"rendered":"http:\/\/www.sarlux.saras.it\/?p=63595"},"modified":"2019-09-13T15:47:34","modified_gmt":"2019-09-13T15:47:34","slug":"suazo-al-workshop-della-cagliari-football-academy","status":"publish","type":"post","link":"https:\/\/www.sarlux.saras.it\/it\/suazo-al-workshop-della-cagliari-football-academy\/","title":{"rendered":"Suazo al workshop della Cagliari Football Academy"},"content":{"rendered":"<p><img loading=\"lazy\" decoding=\"async\" class=\"wp-image-63600 size-large\" src=\"http:\/\/www.sarlux.saras.it\/wp-content\/uploads\/2016\/07\/null-1024x682.jpg\" alt=\"(null)\" width=\"960\" height=\"639\" \/><\/p>\n<p>C&#8217;era anche David Suazo, ex giocatore rossobl\u00f9 e oggi allenatore degli Under 17\u00a0al secondo workshop della Football Academy del Cagliari Calcio destinato agli allenatori delle societ\u00e0 dilettantistiche affiliate all&#8217;accademia, della quale Saras \u00e8 main sponsor. L&#8217;evento, che si \u00e8 tenuto\u00a0al centro sportivo del Cagliari ad\u00a0Asseminello, \u00e8\u00a0stata l&#8217;occasione per\u00a0fare\u00a0un bilancio dei primi 18 mesi di vita dell&#8217;Academy, che\u00a0ha coinvolto ben\u00a031 societ\u00e0 affiliate e pu\u00f2 contare su due centri di formazione. Nel corso dell&#8217;appuntamento\u00a0di venerd\u00ec primo luglio sono stati\u00a0pianificati\u00a0i nuovi programmi, focalizzando l&#8217;attenzione sulla formazione delle giovani leve del calcio e\u00a0sui loro istruttori. Formazione sportiva e tecnico-tattica che si avvale della collaborazione di <strong>Oscar Erriu<\/strong>\u00a0responsabile dell&#8217;Academy, per la programmazione di base, e di\u00a0<strong>Luisa Pittau<\/strong> psicologa della Saras ed esperta di dinamiche relazionali di gruppo. Luisa ha approfondito i principi didattici dell&#8217;insegnamento sportivo e della crescita dei piccoli atleti, dal punto di vista\u00a0agonistico e umano.<\/p>\n<div id=\"attachment_63598\" style=\"width: 970px\" class=\"wp-caption aligncenter\"><img loading=\"lazy\" decoding=\"async\" aria-describedby=\"caption-attachment-63598\" class=\"wp-image-63598 size-large\" src=\"http:\/\/www.sarlux.saras.it\/wp-content\/uploads\/2016\/07\/null-1-1024x616.jpg\" alt=\"(null) (1)\" width=\"960\" height=\"578\" \/><p id=\"caption-attachment-63598\" class=\"wp-caption-text\">Bilancio e programmazione al workshop della &#8220;Saras Football Academy&#8221;<\/p><\/div>\n<p>Durante i lavori, i\u00a0preparatori atletici <strong>Marco Calligaris<\/strong> e <strong>Giuseppe Allegra<\/strong> hanno descritto la programmazione dell&#8217;attivit\u00e0 motoria nel settore giovanile dei rossobl\u00f9, che si avvarr\u00e0 di una piattaforma in grado di valutare ogni calciatore dal punto di vista fisico, caratteriale e tecnico.\u00a0Al workshop sono intervenuti anche <strong>Suazo<\/strong>, allenatore under 17, <strong>Renato Copparoni<\/strong> e <strong>Matteo Stagno<\/strong> segretario generale sportivo del Cagliari. Al termine dei lavori, lo staff del Cagliari ha\u00a0presentato il nuovo sponsor tecnico, Macron, che vestir\u00e0 la prima squadra e tutte le affiliate.<\/p>\n","protected":false},"excerpt":{"rendered":"<p>C&#8217;era anche David Suazo, ex giocatore rossobl\u00f9 e oggi allenatore degli Under 17\u00a0al secondo workshop della Football Academy del Cagliari Calcio destinato agli allenatori delle societ\u00e0<span class=\"excerpt-hellip\"> [\u2026]<\/span><\/p>\n","protected":false},"author":2,"featured_media":63625,"comment_status":"open","ping_status":"open","sticky":false,"template":"","format":"standard","meta":{"_acf_changed":false,"inline_featured_image":false,"footnotes":""},"categories":[17],"tags":[],"class_list":["post-63595","post","type-post","status-publish","format-standard","has-post-thumbnail","hentry","category-news"],"acf":[],"yoast_head":"<!-- This site is optimized with the Yoast SEO plugin v27.3 - https:\/\/yoast.com\/product\/yoast-seo-wordpress\/ -->\n<title>Suazo al workshop della Cagliari Football Academy - Sarlux Saras | Refining &amp; Power<\/title>\n<meta name=\"robots\" content=\"index, follow, max-snippet:-1, max-image-preview:large, max-video-preview:-1\" \/>\n<link rel=\"canonical\" href=\"https:\/\/www.sarlux.saras.it\/it\/suazo-al-workshop-della-cagliari-football-academy\/\" \/>\n<meta property=\"og:locale\" content=\"it_IT\" \/>\n<meta property=\"og:type\" content=\"article\" \/>\n<meta property=\"og:title\" content=\"Suazo al workshop della Cagliari Football Academy - Sarlux Saras | Refining &amp; Power\" \/>\n<meta property=\"og:description\" content=\"C&#8217;era anche David Suazo, ex giocatore rossobl\u00f9 e oggi allenatore degli Under 17\u00a0al secondo workshop della Football Academy del Cagliari Calcio destinato agli allenatori delle societ\u00e0 [\u2026]\" \/>\n<meta property=\"og:url\" content=\"https:\/\/www.sarlux.saras.it\/it\/suazo-al-workshop-della-cagliari-football-academy\/\" \/>\n<meta property=\"og:site_name\" content=\"Sarlux Saras | Refining &amp; Power\" \/>\n<meta property=\"article:published_time\" content=\"2016-07-05T21:13:12+00:00\" \/>\n<meta property=\"article:modified_time\" content=\"2019-09-13T15:47:34+00:00\" \/>\n<meta name=\"author\" content=\"newsarlux\" \/>\n<meta name=\"twitter:card\" content=\"summary_large_image\" \/>\n<meta name=\"twitter:label1\" content=\"Scritto da\" \/>\n\t<meta name=\"twitter:data1\" content=\"newsarlux\" \/>\n\t<meta name=\"twitter:label2\" content=\"Tempo di lettura stimato\" \/>\n\t<meta name=\"twitter:data2\" content=\"1 minuto\" \/>\n<script type=\"application\/ld+json\" class=\"yoast-schema-graph\">{\"@context\":\"https:\\\/\\\/schema.org\",\"@graph\":[{\"@type\":\"Article\",\"@id\":\"https:\\\/\\\/www.sarlux.saras.it\\\/it\\\/suazo-al-workshop-della-cagliari-football-academy\\\/#article\",\"isPartOf\":{\"@id\":\"https:\\\/\\\/www.sarlux.saras.it\\\/it\\\/suazo-al-workshop-della-cagliari-football-academy\\\/\"},\"author\":{\"name\":\"newsarlux\",\"@id\":\"https:\\\/\\\/www.sarlux.saras.it\\\/it\\\/#\\\/schema\\\/person\\\/c7561934b223f17087f8e08f41b37b83\"},\"headline\":\"Suazo al workshop della Cagliari Football Academy\",\"datePublished\":\"2016-07-05T21:13:12+00:00\",\"dateModified\":\"2019-09-13T15:47:34+00:00\",\"mainEntityOfPage\":{\"@id\":\"https:\\\/\\\/www.sarlux.saras.it\\\/it\\\/suazo-al-workshop-della-cagliari-football-academy\\\/\"},\"wordCount\":258,\"commentCount\":0,\"publisher\":{\"@id\":\"https:\\\/\\\/www.sarlux.saras.it\\\/it\\\/#organization\"},\"image\":{\"@id\":\"https:\\\/\\\/www.sarlux.saras.it\\\/it\\\/suazo-al-workshop-della-cagliari-football-academy\\\/#primaryimage\"},\"thumbnailUrl\":\"\",\"articleSection\":[\"News\"],\"inLanguage\":\"it-IT\",\"potentialAction\":[{\"@type\":\"CommentAction\",\"name\":\"Comment\",\"target\":[\"https:\\\/\\\/www.sarlux.saras.it\\\/it\\\/suazo-al-workshop-della-cagliari-football-academy\\\/#respond\"]}]},{\"@type\":\"WebPage\",\"@id\":\"https:\\\/\\\/www.sarlux.saras.it\\\/it\\\/suazo-al-workshop-della-cagliari-football-academy\\\/\",\"url\":\"https:\\\/\\\/www.sarlux.saras.it\\\/it\\\/suazo-al-workshop-della-cagliari-football-academy\\\/\",\"name\":\"Suazo al workshop della Cagliari Football Academy - Sarlux Saras | Refining & Power\",\"isPartOf\":{\"@id\":\"https:\\\/\\\/www.sarlux.saras.it\\\/it\\\/#website\"},\"primaryImageOfPage\":{\"@id\":\"https:\\\/\\\/www.sarlux.saras.it\\\/it\\\/suazo-al-workshop-della-cagliari-football-academy\\\/#primaryimage\"},\"image\":{\"@id\":\"https:\\\/\\\/www.sarlux.saras.it\\\/it\\\/suazo-al-workshop-della-cagliari-football-academy\\\/#primaryimage\"},\"thumbnailUrl\":\"\",\"datePublished\":\"2016-07-05T21:13:12+00:00\",\"dateModified\":\"2019-09-13T15:47:34+00:00\",\"breadcrumb\":{\"@id\":\"https:\\\/\\\/www.sarlux.saras.it\\\/it\\\/suazo-al-workshop-della-cagliari-football-academy\\\/#breadcrumb\"},\"inLanguage\":\"it-IT\",\"potentialAction\":[{\"@type\":\"ReadAction\",\"target\":[\"https:\\\/\\\/www.sarlux.saras.it\\\/it\\\/suazo-al-workshop-della-cagliari-football-academy\\\/\"]}]},{\"@type\":\"ImageObject\",\"inLanguage\":\"it-IT\",\"@id\":\"https:\\\/\\\/www.sarlux.saras.it\\\/it\\\/suazo-al-workshop-della-cagliari-football-academy\\\/#primaryimage\",\"url\":\"\",\"contentUrl\":\"\"},{\"@type\":\"BreadcrumbList\",\"@id\":\"https:\\\/\\\/www.sarlux.saras.it\\\/it\\\/suazo-al-workshop-della-cagliari-football-academy\\\/#breadcrumb\",\"itemListElement\":[{\"@type\":\"ListItem\",\"position\":1,\"name\":\"Home\",\"item\":\"https:\\\/\\\/www.sarlux.saras.it\\\/it\\\/\"},{\"@type\":\"ListItem\",\"position\":2,\"name\":\"Suazo al workshop della Cagliari Football Academy\"}]},{\"@type\":\"WebSite\",\"@id\":\"https:\\\/\\\/www.sarlux.saras.it\\\/it\\\/#website\",\"url\":\"https:\\\/\\\/www.sarlux.saras.it\\\/it\\\/\",\"name\":\"Sarlux\",\"description\":\"\",\"publisher\":{\"@id\":\"https:\\\/\\\/www.sarlux.saras.it\\\/it\\\/#organization\"},\"potentialAction\":[{\"@type\":\"SearchAction\",\"target\":{\"@type\":\"EntryPoint\",\"urlTemplate\":\"https:\\\/\\\/www.sarlux.saras.it\\\/it\\\/?s={search_term_string}\"},\"query-input\":{\"@type\":\"PropertyValueSpecification\",\"valueRequired\":true,\"valueName\":\"search_term_string\"}}],\"inLanguage\":\"it-IT\"},{\"@type\":\"Organization\",\"@id\":\"https:\\\/\\\/www.sarlux.saras.it\\\/it\\\/#organization\",\"name\":\"Sarlux\",\"url\":\"https:\\\/\\\/www.sarlux.saras.it\\\/it\\\/\",\"logo\":{\"@type\":\"ImageObject\",\"inLanguage\":\"it-IT\",\"@id\":\"https:\\\/\\\/www.sarlux.saras.it\\\/it\\\/#\\\/schema\\\/logo\\\/image\\\/\",\"url\":\"https:\\\/\\\/www.sarlux.saras.it\\\/wp-content\\\/uploads\\\/2017\\\/12\\\/logo-pc-1.png\",\"contentUrl\":\"https:\\\/\\\/www.sarlux.saras.it\\\/wp-content\\\/uploads\\\/2017\\\/12\\\/logo-pc-1.png\",\"width\":184,\"height\":86,\"caption\":\"Sarlux\"},\"image\":{\"@id\":\"https:\\\/\\\/www.sarlux.saras.it\\\/it\\\/#\\\/schema\\\/logo\\\/image\\\/\"}},{\"@type\":\"Person\",\"@id\":\"https:\\\/\\\/www.sarlux.saras.it\\\/it\\\/#\\\/schema\\\/person\\\/c7561934b223f17087f8e08f41b37b83\",\"name\":\"newsarlux\",\"image\":{\"@type\":\"ImageObject\",\"inLanguage\":\"it-IT\",\"@id\":\"https:\\\/\\\/secure.gravatar.com\\\/avatar\\\/eb7f74d52340ebedd5480701fcdd6d2904abef8cdb3a51882f629f2dd32d610d?s=96&d=mm&r=g\",\"url\":\"https:\\\/\\\/secure.gravatar.com\\\/avatar\\\/eb7f74d52340ebedd5480701fcdd6d2904abef8cdb3a51882f629f2dd32d610d?s=96&d=mm&r=g\",\"contentUrl\":\"https:\\\/\\\/secure.gravatar.com\\\/avatar\\\/eb7f74d52340ebedd5480701fcdd6d2904abef8cdb3a51882f629f2dd32d610d?s=96&d=mm&r=g\",\"caption\":\"newsarlux\"},\"url\":\"\"}]}<\/script>\n<!-- \/ Yoast SEO plugin. -->","yoast_head_json":{"title":"Suazo al workshop della Cagliari Football Academy - Sarlux Saras | Refining & Power","robots":{"index":"index","follow":"follow","max-snippet":"max-snippet:-1","max-image-preview":"max-image-preview:large","max-video-preview":"max-video-preview:-1"},"canonical":"https:\/\/www.sarlux.saras.it\/it\/suazo-al-workshop-della-cagliari-football-academy\/","og_locale":"it_IT","og_type":"article","og_title":"Suazo al workshop della Cagliari Football Academy - Sarlux Saras | Refining & Power","og_description":"C&#8217;era anche David Suazo, ex giocatore rossobl\u00f9 e oggi allenatore degli Under 17\u00a0al secondo workshop della Football Academy del Cagliari Calcio destinato agli allenatori delle societ\u00e0 [\u2026]","og_url":"https:\/\/www.sarlux.saras.it\/it\/suazo-al-workshop-della-cagliari-football-academy\/","og_site_name":"Sarlux Saras | Refining & Power","article_published_time":"2016-07-05T21:13:12+00:00","article_modified_time":"2019-09-13T15:47:34+00:00","author":"newsarlux","twitter_card":"summary_large_image","twitter_misc":{"Scritto da":"newsarlux","Tempo di lettura stimato":"1 minuto"},"schema":{"@context":"https:\/\/schema.org","@graph":[{"@type":"Article","@id":"https:\/\/www.sarlux.saras.it\/it\/suazo-al-workshop-della-cagliari-football-academy\/#article","isPartOf":{"@id":"https:\/\/www.sarlux.saras.it\/it\/suazo-al-workshop-della-cagliari-football-academy\/"},"author":{"name":"newsarlux","@id":"https:\/\/www.sarlux.saras.it\/it\/#\/schema\/person\/c7561934b223f17087f8e08f41b37b83"},"headline":"Suazo al workshop della Cagliari Football Academy","datePublished":"2016-07-05T21:13:12+00:00","dateModified":"2019-09-13T15:47:34+00:00","mainEntityOfPage":{"@id":"https:\/\/www.sarlux.saras.it\/it\/suazo-al-workshop-della-cagliari-football-academy\/"},"wordCount":258,"commentCount":0,"publisher":{"@id":"https:\/\/www.sarlux.saras.it\/it\/#organization"},"image":{"@id":"https:\/\/www.sarlux.saras.it\/it\/suazo-al-workshop-della-cagliari-football-academy\/#primaryimage"},"thumbnailUrl":"","articleSection":["News"],"inLanguage":"it-IT","potentialAction":[{"@type":"CommentAction","name":"Comment","target":["https:\/\/www.sarlux.saras.it\/it\/suazo-al-workshop-della-cagliari-football-academy\/#respond"]}]},{"@type":"WebPage","@id":"https:\/\/www.sarlux.saras.it\/it\/suazo-al-workshop-della-cagliari-football-academy\/","url":"https:\/\/www.sarlux.saras.it\/it\/suazo-al-workshop-della-cagliari-football-academy\/","name":"Suazo al workshop della Cagliari Football Academy - Sarlux Saras | Refining & Power","isPartOf":{"@id":"https:\/\/www.sarlux.saras.it\/it\/#website"},"primaryImageOfPage":{"@id":"https:\/\/www.sarlux.saras.it\/it\/suazo-al-workshop-della-cagliari-football-academy\/#primaryimage"},"image":{"@id":"https:\/\/www.sarlux.saras.it\/it\/suazo-al-workshop-della-cagliari-football-academy\/#primaryimage"},"thumbnailUrl":"","datePublished":"2016-07-05T21:13:12+00:00","dateModified":"2019-09-13T15:47:34+00:00","breadcrumb":{"@id":"https:\/\/www.sarlux.saras.it\/it\/suazo-al-workshop-della-cagliari-football-academy\/#breadcrumb"},"inLanguage":"it-IT","potentialAction":[{"@type":"ReadAction","target":["https:\/\/www.sarlux.saras.it\/it\/suazo-al-workshop-della-cagliari-football-academy\/"]}]},{"@type":"ImageObject","inLanguage":"it-IT","@id":"https:\/\/www.sarlux.saras.it\/it\/suazo-al-workshop-della-cagliari-football-academy\/#primaryimage","url":"","contentUrl":""},{"@type":"BreadcrumbList","@id":"https:\/\/www.sarlux.saras.it\/it\/suazo-al-workshop-della-cagliari-football-academy\/#breadcrumb","itemListElement":[{"@type":"ListItem","position":1,"name":"Home","item":"https:\/\/www.sarlux.saras.it\/it\/"},{"@type":"ListItem","position":2,"name":"Suazo al workshop della Cagliari Football Academy"}]},{"@type":"WebSite","@id":"https:\/\/www.sarlux.saras.it\/it\/#website","url":"https:\/\/www.sarlux.saras.it\/it\/","name":"Sarlux","description":"","publisher":{"@id":"https:\/\/www.sarlux.saras.it\/it\/#organization"},"potentialAction":[{"@type":"SearchAction","target":{"@type":"EntryPoint","urlTemplate":"https:\/\/www.sarlux.saras.it\/it\/?s={search_term_string}"},"query-input":{"@type":"PropertyValueSpecification","valueRequired":true,"valueName":"search_term_string"}}],"inLanguage":"it-IT"},{"@type":"Organization","@id":"https:\/\/www.sarlux.saras.it\/it\/#organization","name":"Sarlux","url":"https:\/\/www.sarlux.saras.it\/it\/","logo":{"@type":"ImageObject","inLanguage":"it-IT","@id":"https:\/\/www.sarlux.saras.it\/it\/#\/schema\/logo\/image\/","url":"https:\/\/www.sarlux.saras.it\/wp-content\/uploads\/2017\/12\/logo-pc-1.png","contentUrl":"https:\/\/www.sarlux.saras.it\/wp-content\/uploads\/2017\/12\/logo-pc-1.png","width":184,"height":86,"caption":"Sarlux"},"image":{"@id":"https:\/\/www.sarlux.saras.it\/it\/#\/schema\/logo\/image\/"}},{"@type":"Person","@id":"https:\/\/www.sarlux.saras.it\/it\/#\/schema\/person\/c7561934b223f17087f8e08f41b37b83","name":"newsarlux","image":{"@type":"ImageObject","inLanguage":"it-IT","@id":"https:\/\/secure.gravatar.com\/avatar\/eb7f74d52340ebedd5480701fcdd6d2904abef8cdb3a51882f629f2dd32d610d?s=96&d=mm&r=g","url":"https:\/\/secure.gravatar.com\/avatar\/eb7f74d52340ebedd5480701fcdd6d2904abef8cdb3a51882f629f2dd32d610d?s=96&d=mm&r=g","contentUrl":"https:\/\/secure.gravatar.com\/avatar\/eb7f74d52340ebedd5480701fcdd6d2904abef8cdb3a51882f629f2dd32d610d?s=96&d=mm&r=g","caption":"newsarlux"},"url":""}]}},"_links":{"self":[{"href":"https:\/\/www.sarlux.saras.it\/it\/wp-json\/wp\/v2\/posts\/63595","targetHints":{"allow":["GET"]}}],"collection":[{"href":"https:\/\/www.sarlux.saras.it\/it\/wp-json\/wp\/v2\/posts"}],"about":[{"href":"https:\/\/www.sarlux.saras.it\/it\/wp-json\/wp\/v2\/types\/post"}],"author":[{"embeddable":true,"href":"https:\/\/www.sarlux.saras.it\/it\/wp-json\/wp\/v2\/users\/2"}],"replies":[{"embeddable":true,"href":"https:\/\/www.sarlux.saras.it\/it\/wp-json\/wp\/v2\/comments?post=63595"}],"version-history":[{"count":1,"href":"https:\/\/www.sarlux.saras.it\/it\/wp-json\/wp\/v2\/posts\/63595\/revisions"}],"predecessor-version":[{"id":524302,"href":"https:\/\/www.sarlux.saras.it\/it\/wp-json\/wp\/v2\/posts\/63595\/revisions\/524302"}],"wp:featuredmedia":[{"embeddable":true,"href":"https:\/\/www.sarlux.saras.it\/it\/wp-json\/"}],"wp:attachment":[{"href":"https:\/\/www.sarlux.saras.it\/it\/wp-json\/wp\/v2\/media?parent=63595"}],"wp:term":[{"taxonomy":"category","embeddable":true,"href":"https:\/\/www.sarlux.saras.it\/it\/wp-json\/wp\/v2\/categories?post=63595"},{"taxonomy":"post_tag","embeddable":true,"href":"https:\/\/www.sarlux.saras.it\/it\/wp-json\/wp\/v2\/tags?post=63595"}],"curies":[{"name":"wp","href":"https:\/\/api.w.org\/{rel}","templated":true}]}}