{"id":64046,"date":"2016-09-22T09:43:08","date_gmt":"2016-09-22T09:43:08","guid":{"rendered":"http:\/\/www.sarlux.saras.it\/?p=64046"},"modified":"2017-12-01T13:26:31","modified_gmt":"2017-12-01T13:26:31","slug":"saras-per-lo-sport-un-premio-ai-piccoli-e-grandi-atleti","status":"publish","type":"post","link":"https:\/\/www.sarlux.saras.it\/it\/saras-per-lo-sport-un-premio-ai-piccoli-e-grandi-atleti\/","title":{"rendered":"&quot;Saras per lo sport&quot;, un premio ai piccoli e grandi atleti"},"content":{"rendered":"<p><img loading=\"lazy\" decoding=\"async\" class=\"alignnone size-large wp-image-64127\" src=\"http:\/\/www.sarlux.saras.it\/wp-content\/uploads\/2016\/09\/unnamed-1024x683.jpg\" alt=\"unnamed\" width=\"960\" height=\"640\" \/><\/p>\n<p>Un gara tra le associazioni sportive per aggiudicarsi il premio &#8220;Saras per lo sport&#8221;. Il nuovo progetto\u00a0dedicato al territorio attorno al polo industriale di Sarroch, realizzato in collaborazione con il Comune,\u00a0\u00e8\u00a0destinato ai protagonisti di tutte le discipline, dalla canoa al ciclismo: nel centro costiero ci sono circa 700 iscritti a ben 20 associazioni. Atleti e amatori possono concorrere\u00a0per\u00a0ottenere il\u00a0riconoscimento in base al risultato raggiunto nella stagione 2015-2016.\u00a0In palio,\u00a0un contributo di duemila euro da impiegare per l&#8217;acquisto di\u00a0attrezzature sportive oppure per consentire ai meno fortunati di prendere parte\u00a0alle attivit\u00e0 associative.<\/p>\n<p>I\u00a0rappresentanti delle associazioni dovranno compilare il <a href=\"http:\/\/www.sarlux.saras.it\/wp-content\/uploads\/2016\/09\/Modulo-di-adesione-Saras-per-lo-sport.pdf\">modulo di adesione<\/a>\u00a0e descrivere i traguardi raggiunti, i risultati\u00a0conseguiti dai loro iscritti\u00a0(singoli o in squadra), sotto il profilo agonistico o in termini di inclusione sociale. Il modulo\u00a0va\u00a0inviato all&#8217;indirizzo di posta elettronica\u00a0relazioni.esterne@saras.it entro il 31 ottobre.<\/p>\n<p>Sara poi\u00a0una commissione a\u00a0valutare le domande,\u00a0tenendo conto dei risultati sportivi conseguiti dai candidati nelle rispettive\u00a0discipline, ma anche del\u00a0loro\u00a0impegno sociale e di eventuali iniziative a favore della comunit\u00e0. Chi\u00a0otterr\u00e0 il punteggio pi\u00f9 alto sar\u00e0 premiato con il voucher\u00a0da\u00a0duemila euro\u00a0durante una cerimonia pubblica, in presenza dei rappresentanti dell&#8217;amministrazione comunale e\u00a0del\u00a0consigliere delegato allo Sport del Comune di Sarroch, Mirko Spiga.<\/p>\n<p><img loading=\"lazy\" decoding=\"async\" class=\"alignnone size-large wp-image-64118\" src=\"http:\/\/www.sarlux.saras.it\/wp-content\/uploads\/2016\/09\/unnamed-1-1024x683.jpg\" alt=\"unnamed (1)\" width=\"960\" height=\"640\" \/><\/p>\n<p>Con questa iniziativa, Saras ha voluto ribadire il tradizionale impegno a favore\u00a0dei giovani e dello sport, nell&#8217;ottica di un riconoscimento al merito e alla determinazione. Tra i tanti programmi destinati alle comunit\u00e0 di riferimento dell&#8217;azienda, c&#8217;\u00e8\u00a0&#8220;<a href=\"https:\/\/youtu.be\/pi43_GxuiT4\">Sport sicuro a Sarroch<\/a>&#8220;, percorso di formazione alla sicurezza negli impianti che ha portato alla dotazione di un defibrillatore in ogni struttura sportiva del Comune costiero. I DAE erano\u00a0stati consegnati da due giocatori del Cagliari Calcio, il 22 ottobre 2015, durante una manifestazione con decine di piccoli atleti nella palestra delle scuole di Sarroch.<\/p>\n<p><a href=\"http:\/\/www.sarlux.saras.it\/wp-content\/uploads\/2016\/09\/Modulo-di-adesione-Saras-per-lo-sport.pdf\" rel=\"\">Modulo di adesione Saras per lo sport<\/a><\/p>\n<p><a href=\"http:\/\/www.sarlux.saras.it\/wp-content\/uploads\/2016\/09\/Regolamento-selezione-Saras-per-lo-sport.pdf\" rel=\"\">Regolamento selezione Saras per lo sport<\/a><\/p>\n<p><a href=\"http:\/\/www.sarlux.saras.it\/wp-content\/uploads\/2016\/09\/Saras-per-lo-sport.pdf\" rel=\"\">Saras per lo sport<\/a><\/p>\n<p>&nbsp;<\/p>\n<p>&nbsp;<\/p>\n","protected":false},"excerpt":{"rendered":"<p>Un gara tra le associazioni sportive per aggiudicarsi il premio &#8220;Saras per lo sport&#8221;. Il nuovo progetto\u00a0dedicato al territorio attorno al polo industriale di Sarroch, realizzato<span class=\"excerpt-hellip\"> [\u2026]<\/span><\/p>\n","protected":false},"author":2,"featured_media":64164,"comment_status":"open","ping_status":"open","sticky":false,"template":"","format":"standard","meta":{"_acf_changed":false,"inline_featured_image":false,"footnotes":""},"categories":[17],"tags":[],"class_list":["post-64046","post","type-post","status-publish","format-standard","has-post-thumbnail","hentry","category-news"],"acf":[],"yoast_head":"<!-- This site is optimized with the Yoast SEO plugin v27.3 - https:\/\/yoast.com\/product\/yoast-seo-wordpress\/ -->\n<title>&quot;Saras per lo sport&quot;, un premio ai piccoli e grandi atleti - Sarlux Saras | Refining &amp; Power<\/title>\n<meta name=\"robots\" content=\"index, follow, max-snippet:-1, max-image-preview:large, max-video-preview:-1\" \/>\n<link rel=\"canonical\" href=\"https:\/\/www.sarlux.saras.it\/it\/saras-per-lo-sport-un-premio-ai-piccoli-e-grandi-atleti\/\" \/>\n<meta property=\"og:locale\" content=\"it_IT\" \/>\n<meta property=\"og:type\" content=\"article\" \/>\n<meta property=\"og:title\" content=\"&quot;Saras per lo sport&quot;, un premio ai piccoli e grandi atleti - Sarlux Saras | Refining &amp; Power\" \/>\n<meta property=\"og:description\" content=\"Un gara tra le associazioni sportive per aggiudicarsi il premio &#8220;Saras per lo sport&#8221;. Il nuovo progetto\u00a0dedicato al territorio attorno al polo industriale di Sarroch, realizzato [\u2026]\" \/>\n<meta property=\"og:url\" content=\"https:\/\/www.sarlux.saras.it\/it\/saras-per-lo-sport-un-premio-ai-piccoli-e-grandi-atleti\/\" \/>\n<meta property=\"og:site_name\" content=\"Sarlux Saras | Refining &amp; Power\" \/>\n<meta property=\"article:published_time\" content=\"2016-09-22T09:43:08+00:00\" \/>\n<meta property=\"article:modified_time\" content=\"2017-12-01T13:26:31+00:00\" \/>\n<meta name=\"author\" content=\"newsarlux\" \/>\n<meta name=\"twitter:card\" content=\"summary_large_image\" \/>\n<meta name=\"twitter:label1\" content=\"Scritto da\" \/>\n\t<meta name=\"twitter:data1\" content=\"newsarlux\" \/>\n\t<meta name=\"twitter:label2\" content=\"Tempo di lettura stimato\" \/>\n\t<meta name=\"twitter:data2\" content=\"2 minuti\" \/>\n<script type=\"application\/ld+json\" class=\"yoast-schema-graph\">{\"@context\":\"https:\\\/\\\/schema.org\",\"@graph\":[{\"@type\":\"Article\",\"@id\":\"https:\\\/\\\/www.sarlux.saras.it\\\/it\\\/saras-per-lo-sport-un-premio-ai-piccoli-e-grandi-atleti\\\/#article\",\"isPartOf\":{\"@id\":\"https:\\\/\\\/www.sarlux.saras.it\\\/it\\\/saras-per-lo-sport-un-premio-ai-piccoli-e-grandi-atleti\\\/\"},\"author\":{\"name\":\"newsarlux\",\"@id\":\"https:\\\/\\\/www.sarlux.saras.it\\\/it\\\/#\\\/schema\\\/person\\\/c7561934b223f17087f8e08f41b37b83\"},\"headline\":\"&quot;Saras per lo sport&quot;, un premio ai piccoli e grandi atleti\",\"datePublished\":\"2016-09-22T09:43:08+00:00\",\"dateModified\":\"2017-12-01T13:26:31+00:00\",\"mainEntityOfPage\":{\"@id\":\"https:\\\/\\\/www.sarlux.saras.it\\\/it\\\/saras-per-lo-sport-un-premio-ai-piccoli-e-grandi-atleti\\\/\"},\"wordCount\":337,\"commentCount\":0,\"publisher\":{\"@id\":\"https:\\\/\\\/www.sarlux.saras.it\\\/it\\\/#organization\"},\"image\":{\"@id\":\"https:\\\/\\\/www.sarlux.saras.it\\\/it\\\/saras-per-lo-sport-un-premio-ai-piccoli-e-grandi-atleti\\\/#primaryimage\"},\"thumbnailUrl\":\"\",\"articleSection\":[\"News\"],\"inLanguage\":\"it-IT\",\"potentialAction\":[{\"@type\":\"CommentAction\",\"name\":\"Comment\",\"target\":[\"https:\\\/\\\/www.sarlux.saras.it\\\/it\\\/saras-per-lo-sport-un-premio-ai-piccoli-e-grandi-atleti\\\/#respond\"]}]},{\"@type\":\"WebPage\",\"@id\":\"https:\\\/\\\/www.sarlux.saras.it\\\/it\\\/saras-per-lo-sport-un-premio-ai-piccoli-e-grandi-atleti\\\/\",\"url\":\"https:\\\/\\\/www.sarlux.saras.it\\\/it\\\/saras-per-lo-sport-un-premio-ai-piccoli-e-grandi-atleti\\\/\",\"name\":\"&quot;Saras per lo sport&quot;, un premio ai piccoli e grandi atleti - Sarlux Saras | Refining & Power\",\"isPartOf\":{\"@id\":\"https:\\\/\\\/www.sarlux.saras.it\\\/it\\\/#website\"},\"primaryImageOfPage\":{\"@id\":\"https:\\\/\\\/www.sarlux.saras.it\\\/it\\\/saras-per-lo-sport-un-premio-ai-piccoli-e-grandi-atleti\\\/#primaryimage\"},\"image\":{\"@id\":\"https:\\\/\\\/www.sarlux.saras.it\\\/it\\\/saras-per-lo-sport-un-premio-ai-piccoli-e-grandi-atleti\\\/#primaryimage\"},\"thumbnailUrl\":\"\",\"datePublished\":\"2016-09-22T09:43:08+00:00\",\"dateModified\":\"2017-12-01T13:26:31+00:00\",\"breadcrumb\":{\"@id\":\"https:\\\/\\\/www.sarlux.saras.it\\\/it\\\/saras-per-lo-sport-un-premio-ai-piccoli-e-grandi-atleti\\\/#breadcrumb\"},\"inLanguage\":\"it-IT\",\"potentialAction\":[{\"@type\":\"ReadAction\",\"target\":[\"https:\\\/\\\/www.sarlux.saras.it\\\/it\\\/saras-per-lo-sport-un-premio-ai-piccoli-e-grandi-atleti\\\/\"]}]},{\"@type\":\"ImageObject\",\"inLanguage\":\"it-IT\",\"@id\":\"https:\\\/\\\/www.sarlux.saras.it\\\/it\\\/saras-per-lo-sport-un-premio-ai-piccoli-e-grandi-atleti\\\/#primaryimage\",\"url\":\"\",\"contentUrl\":\"\"},{\"@type\":\"BreadcrumbList\",\"@id\":\"https:\\\/\\\/www.sarlux.saras.it\\\/it\\\/saras-per-lo-sport-un-premio-ai-piccoli-e-grandi-atleti\\\/#breadcrumb\",\"itemListElement\":[{\"@type\":\"ListItem\",\"position\":1,\"name\":\"Home\",\"item\":\"https:\\\/\\\/www.sarlux.saras.it\\\/it\\\/\"},{\"@type\":\"ListItem\",\"position\":2,\"name\":\"&quot;Saras per lo sport&quot;, un premio ai piccoli e grandi atleti\"}]},{\"@type\":\"WebSite\",\"@id\":\"https:\\\/\\\/www.sarlux.saras.it\\\/it\\\/#website\",\"url\":\"https:\\\/\\\/www.sarlux.saras.it\\\/it\\\/\",\"name\":\"Sarlux\",\"description\":\"\",\"publisher\":{\"@id\":\"https:\\\/\\\/www.sarlux.saras.it\\\/it\\\/#organization\"},\"potentialAction\":[{\"@type\":\"SearchAction\",\"target\":{\"@type\":\"EntryPoint\",\"urlTemplate\":\"https:\\\/\\\/www.sarlux.saras.it\\\/it\\\/?s={search_term_string}\"},\"query-input\":{\"@type\":\"PropertyValueSpecification\",\"valueRequired\":true,\"valueName\":\"search_term_string\"}}],\"inLanguage\":\"it-IT\"},{\"@type\":\"Organization\",\"@id\":\"https:\\\/\\\/www.sarlux.saras.it\\\/it\\\/#organization\",\"name\":\"Sarlux\",\"url\":\"https:\\\/\\\/www.sarlux.saras.it\\\/it\\\/\",\"logo\":{\"@type\":\"ImageObject\",\"inLanguage\":\"it-IT\",\"@id\":\"https:\\\/\\\/www.sarlux.saras.it\\\/it\\\/#\\\/schema\\\/logo\\\/image\\\/\",\"url\":\"https:\\\/\\\/www.sarlux.saras.it\\\/wp-content\\\/uploads\\\/2017\\\/12\\\/logo-pc-1.png\",\"contentUrl\":\"https:\\\/\\\/www.sarlux.saras.it\\\/wp-content\\\/uploads\\\/2017\\\/12\\\/logo-pc-1.png\",\"width\":184,\"height\":86,\"caption\":\"Sarlux\"},\"image\":{\"@id\":\"https:\\\/\\\/www.sarlux.saras.it\\\/it\\\/#\\\/schema\\\/logo\\\/image\\\/\"}},{\"@type\":\"Person\",\"@id\":\"https:\\\/\\\/www.sarlux.saras.it\\\/it\\\/#\\\/schema\\\/person\\\/c7561934b223f17087f8e08f41b37b83\",\"name\":\"newsarlux\",\"image\":{\"@type\":\"ImageObject\",\"inLanguage\":\"it-IT\",\"@id\":\"https:\\\/\\\/secure.gravatar.com\\\/avatar\\\/eb7f74d52340ebedd5480701fcdd6d2904abef8cdb3a51882f629f2dd32d610d?s=96&d=mm&r=g\",\"url\":\"https:\\\/\\\/secure.gravatar.com\\\/avatar\\\/eb7f74d52340ebedd5480701fcdd6d2904abef8cdb3a51882f629f2dd32d610d?s=96&d=mm&r=g\",\"contentUrl\":\"https:\\\/\\\/secure.gravatar.com\\\/avatar\\\/eb7f74d52340ebedd5480701fcdd6d2904abef8cdb3a51882f629f2dd32d610d?s=96&d=mm&r=g\",\"caption\":\"newsarlux\"},\"url\":\"\"}]}<\/script>\n<!-- \/ Yoast SEO plugin. -->","yoast_head_json":{"title":"&quot;Saras per lo sport&quot;, un premio ai piccoli e grandi atleti - Sarlux Saras | Refining & Power","robots":{"index":"index","follow":"follow","max-snippet":"max-snippet:-1","max-image-preview":"max-image-preview:large","max-video-preview":"max-video-preview:-1"},"canonical":"https:\/\/www.sarlux.saras.it\/it\/saras-per-lo-sport-un-premio-ai-piccoli-e-grandi-atleti\/","og_locale":"it_IT","og_type":"article","og_title":"&quot;Saras per lo sport&quot;, un premio ai piccoli e grandi atleti - Sarlux Saras | Refining & Power","og_description":"Un gara tra le associazioni sportive per aggiudicarsi il premio &#8220;Saras per lo sport&#8221;. Il nuovo progetto\u00a0dedicato al territorio attorno al polo industriale di Sarroch, realizzato [\u2026]","og_url":"https:\/\/www.sarlux.saras.it\/it\/saras-per-lo-sport-un-premio-ai-piccoli-e-grandi-atleti\/","og_site_name":"Sarlux Saras | Refining & Power","article_published_time":"2016-09-22T09:43:08+00:00","article_modified_time":"2017-12-01T13:26:31+00:00","author":"newsarlux","twitter_card":"summary_large_image","twitter_misc":{"Scritto da":"newsarlux","Tempo di lettura stimato":"2 minuti"},"schema":{"@context":"https:\/\/schema.org","@graph":[{"@type":"Article","@id":"https:\/\/www.sarlux.saras.it\/it\/saras-per-lo-sport-un-premio-ai-piccoli-e-grandi-atleti\/#article","isPartOf":{"@id":"https:\/\/www.sarlux.saras.it\/it\/saras-per-lo-sport-un-premio-ai-piccoli-e-grandi-atleti\/"},"author":{"name":"newsarlux","@id":"https:\/\/www.sarlux.saras.it\/it\/#\/schema\/person\/c7561934b223f17087f8e08f41b37b83"},"headline":"&quot;Saras per lo sport&quot;, un premio ai piccoli e grandi atleti","datePublished":"2016-09-22T09:43:08+00:00","dateModified":"2017-12-01T13:26:31+00:00","mainEntityOfPage":{"@id":"https:\/\/www.sarlux.saras.it\/it\/saras-per-lo-sport-un-premio-ai-piccoli-e-grandi-atleti\/"},"wordCount":337,"commentCount":0,"publisher":{"@id":"https:\/\/www.sarlux.saras.it\/it\/#organization"},"image":{"@id":"https:\/\/www.sarlux.saras.it\/it\/saras-per-lo-sport-un-premio-ai-piccoli-e-grandi-atleti\/#primaryimage"},"thumbnailUrl":"","articleSection":["News"],"inLanguage":"it-IT","potentialAction":[{"@type":"CommentAction","name":"Comment","target":["https:\/\/www.sarlux.saras.it\/it\/saras-per-lo-sport-un-premio-ai-piccoli-e-grandi-atleti\/#respond"]}]},{"@type":"WebPage","@id":"https:\/\/www.sarlux.saras.it\/it\/saras-per-lo-sport-un-premio-ai-piccoli-e-grandi-atleti\/","url":"https:\/\/www.sarlux.saras.it\/it\/saras-per-lo-sport-un-premio-ai-piccoli-e-grandi-atleti\/","name":"&quot;Saras per lo sport&quot;, un premio ai piccoli e grandi atleti - Sarlux Saras | Refining & Power","isPartOf":{"@id":"https:\/\/www.sarlux.saras.it\/it\/#website"},"primaryImageOfPage":{"@id":"https:\/\/www.sarlux.saras.it\/it\/saras-per-lo-sport-un-premio-ai-piccoli-e-grandi-atleti\/#primaryimage"},"image":{"@id":"https:\/\/www.sarlux.saras.it\/it\/saras-per-lo-sport-un-premio-ai-piccoli-e-grandi-atleti\/#primaryimage"},"thumbnailUrl":"","datePublished":"2016-09-22T09:43:08+00:00","dateModified":"2017-12-01T13:26:31+00:00","breadcrumb":{"@id":"https:\/\/www.sarlux.saras.it\/it\/saras-per-lo-sport-un-premio-ai-piccoli-e-grandi-atleti\/#breadcrumb"},"inLanguage":"it-IT","potentialAction":[{"@type":"ReadAction","target":["https:\/\/www.sarlux.saras.it\/it\/saras-per-lo-sport-un-premio-ai-piccoli-e-grandi-atleti\/"]}]},{"@type":"ImageObject","inLanguage":"it-IT","@id":"https:\/\/www.sarlux.saras.it\/it\/saras-per-lo-sport-un-premio-ai-piccoli-e-grandi-atleti\/#primaryimage","url":"","contentUrl":""},{"@type":"BreadcrumbList","@id":"https:\/\/www.sarlux.saras.it\/it\/saras-per-lo-sport-un-premio-ai-piccoli-e-grandi-atleti\/#breadcrumb","itemListElement":[{"@type":"ListItem","position":1,"name":"Home","item":"https:\/\/www.sarlux.saras.it\/it\/"},{"@type":"ListItem","position":2,"name":"&quot;Saras per lo sport&quot;, un premio ai piccoli e grandi atleti"}]},{"@type":"WebSite","@id":"https:\/\/www.sarlux.saras.it\/it\/#website","url":"https:\/\/www.sarlux.saras.it\/it\/","name":"Sarlux","description":"","publisher":{"@id":"https:\/\/www.sarlux.saras.it\/it\/#organization"},"potentialAction":[{"@type":"SearchAction","target":{"@type":"EntryPoint","urlTemplate":"https:\/\/www.sarlux.saras.it\/it\/?s={search_term_string}"},"query-input":{"@type":"PropertyValueSpecification","valueRequired":true,"valueName":"search_term_string"}}],"inLanguage":"it-IT"},{"@type":"Organization","@id":"https:\/\/www.sarlux.saras.it\/it\/#organization","name":"Sarlux","url":"https:\/\/www.sarlux.saras.it\/it\/","logo":{"@type":"ImageObject","inLanguage":"it-IT","@id":"https:\/\/www.sarlux.saras.it\/it\/#\/schema\/logo\/image\/","url":"https:\/\/www.sarlux.saras.it\/wp-content\/uploads\/2017\/12\/logo-pc-1.png","contentUrl":"https:\/\/www.sarlux.saras.it\/wp-content\/uploads\/2017\/12\/logo-pc-1.png","width":184,"height":86,"caption":"Sarlux"},"image":{"@id":"https:\/\/www.sarlux.saras.it\/it\/#\/schema\/logo\/image\/"}},{"@type":"Person","@id":"https:\/\/www.sarlux.saras.it\/it\/#\/schema\/person\/c7561934b223f17087f8e08f41b37b83","name":"newsarlux","image":{"@type":"ImageObject","inLanguage":"it-IT","@id":"https:\/\/secure.gravatar.com\/avatar\/eb7f74d52340ebedd5480701fcdd6d2904abef8cdb3a51882f629f2dd32d610d?s=96&d=mm&r=g","url":"https:\/\/secure.gravatar.com\/avatar\/eb7f74d52340ebedd5480701fcdd6d2904abef8cdb3a51882f629f2dd32d610d?s=96&d=mm&r=g","contentUrl":"https:\/\/secure.gravatar.com\/avatar\/eb7f74d52340ebedd5480701fcdd6d2904abef8cdb3a51882f629f2dd32d610d?s=96&d=mm&r=g","caption":"newsarlux"},"url":""}]}},"_links":{"self":[{"href":"https:\/\/www.sarlux.saras.it\/it\/wp-json\/wp\/v2\/posts\/64046","targetHints":{"allow":["GET"]}}],"collection":[{"href":"https:\/\/www.sarlux.saras.it\/it\/wp-json\/wp\/v2\/posts"}],"about":[{"href":"https:\/\/www.sarlux.saras.it\/it\/wp-json\/wp\/v2\/types\/post"}],"author":[{"embeddable":true,"href":"https:\/\/www.sarlux.saras.it\/it\/wp-json\/wp\/v2\/users\/2"}],"replies":[{"embeddable":true,"href":"https:\/\/www.sarlux.saras.it\/it\/wp-json\/wp\/v2\/comments?post=64046"}],"version-history":[{"count":1,"href":"https:\/\/www.sarlux.saras.it\/it\/wp-json\/wp\/v2\/posts\/64046\/revisions"}],"predecessor-version":[{"id":524293,"href":"https:\/\/www.sarlux.saras.it\/it\/wp-json\/wp\/v2\/posts\/64046\/revisions\/524293"}],"wp:featuredmedia":[{"embeddable":true,"href":"https:\/\/www.sarlux.saras.it\/it\/wp-json\/"}],"wp:attachment":[{"href":"https:\/\/www.sarlux.saras.it\/it\/wp-json\/wp\/v2\/media?parent=64046"}],"wp:term":[{"taxonomy":"category","embeddable":true,"href":"https:\/\/www.sarlux.saras.it\/it\/wp-json\/wp\/v2\/categories?post=64046"},{"taxonomy":"post_tag","embeddable":true,"href":"https:\/\/www.sarlux.saras.it\/it\/wp-json\/wp\/v2\/tags?post=64046"}],"curies":[{"name":"wp","href":"https:\/\/api.w.org\/{rel}","templated":true}]}}