{"id":64957,"date":"2017-01-17T18:30:19","date_gmt":"2017-01-17T18:30:19","guid":{"rendered":"http:\/\/www.sarlux.saras.it\/?p=64957"},"modified":"2019-09-18T21:52:38","modified_gmt":"2019-09-18T21:52:38","slug":"rain-2017-come-sara-la-sardegna-di-domani","status":"publish","type":"post","link":"https:\/\/www.sarlux.saras.it\/it\/rain-2017-come-sara-la-sardegna-di-domani\/","title":{"rendered":"RAIn 2017: come sar\u00e0 la Sardegna di domani?"},"content":{"rendered":"<div class=\"wpb-content-wrapper\"><p>[vc_row][vc_column][vc_column_text]Una grande azienda, un&#8217;associazione di innovatori, uno degli istituti scolastici migliori d&#8217;Italia e una direzione scolastica regionale particolarmente attenta al rapporto tra scuola e mondo del lavoro. \u00c8 il mix che ha fatto decollare la terza edizione del Premio &#8220;RAIn &#8211; Raccontami l&#8217;Avvenire e l&#8217;Innovazione&#8221;, presentata marted\u00ec 17 gennaio all&#8217;Istituto Primo Levi di Quartu Sant&#8217;Elena. Per partecipare al\u00a0contest, gli studenti sardi di III, IV e V superiore\u00a0dovranno inviare un video di 3 minuti nel quale raccontare una innovazione fondamentale per il nostro futuro.\u00a0\u00a0(<a href=\"http:\/\/www.sarlux.saras.it\/wp-content\/uploads\/2017\/01\/RAIn_Bando_2017-.pdf\" target=\"_blank\" rel=\"noopener noreferrer\">BANDO IN PDF<\/a>)<\/p>\n<div id=\"attachment_64958\" style=\"width: 653px\" class=\"wp-caption aligncenter\"><img loading=\"lazy\" decoding=\"async\" aria-describedby=\"caption-attachment-64958\" class=\"wp-image-64958\" src=\"http:\/\/www.sarlux.saras.it\/wp-content\/uploads\/2017\/01\/RAIN-2017-presentazione-300x169.jpg\" alt=\"RAIN 2017 presentazione\" width=\"643\" height=\"362\" \/><p id=\"caption-attachment-64958\" class=\"wp-caption-text\">Il direttore scolastico regionale Francesco Feliziani, durante la presentazione del Premio RAIn 2017<\/p><\/div>\n<p>Alla platea di ragazzi sono stati mostrati interviste ai loro colleghi, gli studenti che hanno vinto le precedenti edizioni, cos\u00ec come\u00a0i filmati da loro realizzati. \u201cLo scopo del concorso \u2013 ha detto Francesco Marini, presidente Sarlux (Gruppo Saras) \u2013 \u00e8 quello di mettere alla prova la vostra capacit\u00e0 di immaginare il futuro. Innovare, per noi, vuol dire fare sempre meglio\u201d. Entusiasta il direttore scolastico regionale, Francesco Feliziani: \u201cIl concorso RAIn mi piace principalmente per due motivi: primo perch\u00e9 \u00e8 chiaro che abbiamo di fronte un\u2019azienda che vuole condividere le sue conoscenze con gli studenti, e poi perch\u00e9 \u00e8 un concorso molto democratico, la cui competizione si gioca anche su cose minime. Si pu\u00f2 innovare con pochissimo. La scuola ha il compito di fornire stimoli e opportunit\u00e0 agli studenti. E oggi con questo concorso lo stiamo facendo\u201d. Simone Ferrari, docente universitario e coordinatore di Sardegna 2050, l\u2019associazione di esperti di innovazione co-ideatrice del Premio RAIn, ha ricordato come l\u2019innovazione e il cambiamento debbano partire proprio dalle scuole: \u201cL\u2019importante \u00e8 aprire la mente, cambiare il proprio punto di vista e immaginare la Sardegna dei prossimi anni\u201d.<\/p>\n<p>Oltre a partecipare al contest, gli studenti potranno raccontare il dietro le quinte con foto o video di \u201cbackstage\u201d e alimentare cos\u00ec le pagine Facebook e Instagram del Premio RAIn 2017, un\u2019interfaccia per dialogare e trarre ispirazione. Troveranno infatti le infografiche esplicative del bando, oppure storie o eventi legati al progresso della storia dell\u2019umanit\u00e0.<\/p>\n<p>Non \u00e8 un caso che la III edizione di RAIn sia partita\u00a0dall\u2019istituto tecnico economico e tecnologico intitolato a Primo Levi. Qui hanno studiato i ragazzi che hanno dato vita alla start up innovativa Hangreen, inventori del \u201cgiardino verticale\u201d: un\u2019opera realizzata a partire da un vecchio pallet che sfrutta un dispositivo in grado di individuare\u00a0la temperatura, la luminosit\u00e0 dell\u2019ambiente e l\u2019umidit\u00e0 del terreno,\u00a0in modo da garantire alla pianta le migliori condizioni di crescita possibili. Le informazioni possono essere poi visualizzate sullo smartphone e sulla struttura stessa. Cos\u00ec si sa sempre quando annaffiare o fornire cure alle piante.\u00a0Inoltre, il Levi \u00e8 stato inserito nell\u2019elenco delle migliori scuole d\u2019Italia dal sito Eduscopio.it, che ha valutato i risultati ottenuti dalle matricole universitarie in relazione agli studi superiori.<\/p>\n<p>[\/vc_column_text][\/vc_column][\/vc_row]<\/p>\n<\/div>","protected":false},"excerpt":{"rendered":"<p> Presentata marted\u00ec 17 gennaio all&#8217;Istituto Primo Levi di Quartu Sant&#8217;Elena la terza edizione del Premio &#8220;RAIn &#8211; Raccontami l&#8217;Avvenire e l&#8217;Innovazione&#8221;.<\/p>\n","protected":false},"author":8,"featured_media":524818,"comment_status":"open","ping_status":"open","sticky":false,"template":"","format":"standard","meta":{"_acf_changed":false,"inline_featured_image":false,"footnotes":""},"categories":[17],"tags":[35,29,82,50,105,71,132],"class_list":["post-64957","post","type-post","status-publish","format-standard","has-post-thumbnail","hentry","category-news","tag-educazione","tag-impegno-sociale","tag-innovazione","tag-saras","tag-sardegna","tag-sarroch","tag-scuola"],"acf":[],"yoast_head":"<!-- This site is optimized with the Yoast SEO plugin v27.3 - https:\/\/yoast.com\/product\/yoast-seo-wordpress\/ -->\n<title>RAIn 2017: come sar\u00e0 la Sardegna di domani? - Sarlux Saras | Refining &amp; Power<\/title>\n<meta name=\"description\" content=\"Presentata marted\u00ec 17 gennaio all&#039;Istituto Primo Levi di Quartu Sant&#039;Elena la terza edizione del Premio &quot;RAIn - Raccontami l&#039;Avvenire e l&#039;Innovazione&quot;\" \/>\n<meta name=\"robots\" content=\"index, follow, max-snippet:-1, max-image-preview:large, max-video-preview:-1\" \/>\n<link rel=\"canonical\" href=\"https:\/\/www.sarlux.saras.it\/it\/rain-2017-come-sara-la-sardegna-di-domani\/\" \/>\n<meta property=\"og:locale\" content=\"it_IT\" \/>\n<meta property=\"og:type\" content=\"article\" \/>\n<meta property=\"og:title\" content=\"RAIn 2017: come sar\u00e0 la Sardegna di domani? - Sarlux Saras | Refining &amp; Power\" \/>\n<meta property=\"og:description\" content=\"Presentata marted\u00ec 17 gennaio all&#039;Istituto Primo Levi di Quartu Sant&#039;Elena la terza edizione del Premio &quot;RAIn - Raccontami l&#039;Avvenire e l&#039;Innovazione&quot;\" \/>\n<meta property=\"og:url\" content=\"https:\/\/www.sarlux.saras.it\/it\/rain-2017-come-sara-la-sardegna-di-domani\/\" \/>\n<meta property=\"og:site_name\" content=\"Sarlux Saras | Refining &amp; Power\" \/>\n<meta property=\"article:published_time\" content=\"2017-01-17T18:30:19+00:00\" \/>\n<meta property=\"article:modified_time\" content=\"2019-09-18T21:52:38+00:00\" \/>\n<meta property=\"og:image\" content=\"https:\/\/www.sarlux.saras.it\/wp-content\/uploads\/2017\/01\/news-rain-evidenza.jpg\" \/>\n\t<meta property=\"og:image:width\" content=\"801\" \/>\n\t<meta property=\"og:image:height\" content=\"427\" \/>\n\t<meta property=\"og:image:type\" content=\"image\/jpeg\" \/>\n<meta name=\"author\" content=\"Elisabetta Marongiu\" \/>\n<meta name=\"twitter:card\" content=\"summary_large_image\" \/>\n<meta name=\"twitter:label1\" content=\"Scritto da\" \/>\n\t<meta name=\"twitter:data1\" content=\"Elisabetta Marongiu\" \/>\n\t<meta name=\"twitter:label2\" content=\"Tempo di lettura stimato\" \/>\n\t<meta name=\"twitter:data2\" content=\"2 minuti\" \/>\n<script type=\"application\/ld+json\" class=\"yoast-schema-graph\">{\"@context\":\"https:\\\/\\\/schema.org\",\"@graph\":[{\"@type\":\"Article\",\"@id\":\"https:\\\/\\\/www.sarlux.saras.it\\\/it\\\/rain-2017-come-sara-la-sardegna-di-domani\\\/#article\",\"isPartOf\":{\"@id\":\"https:\\\/\\\/www.sarlux.saras.it\\\/it\\\/rain-2017-come-sara-la-sardegna-di-domani\\\/\"},\"author\":{\"name\":\"Elisabetta Marongiu\",\"@id\":\"https:\\\/\\\/www.sarlux.saras.it\\\/it\\\/#\\\/schema\\\/person\\\/bdb99fa4d691cca9dcdf7a04bca185c8\"},\"headline\":\"RAIn 2017: come sar\u00e0 la Sardegna di domani?\",\"datePublished\":\"2017-01-17T18:30:19+00:00\",\"dateModified\":\"2019-09-18T21:52:38+00:00\",\"mainEntityOfPage\":{\"@id\":\"https:\\\/\\\/www.sarlux.saras.it\\\/it\\\/rain-2017-come-sara-la-sardegna-di-domani\\\/\"},\"wordCount\":494,\"commentCount\":0,\"publisher\":{\"@id\":\"https:\\\/\\\/www.sarlux.saras.it\\\/it\\\/#organization\"},\"image\":{\"@id\":\"https:\\\/\\\/www.sarlux.saras.it\\\/it\\\/rain-2017-come-sara-la-sardegna-di-domani\\\/#primaryimage\"},\"thumbnailUrl\":\"https:\\\/\\\/www.sarlux.saras.it\\\/wp-content\\\/uploads\\\/2017\\\/01\\\/news-rain-evidenza.jpg\",\"keywords\":[\"Educazione\",\"Impegno sociale\",\"Innovazione\",\"Saras\",\"sardegna\",\"Sarroch\",\"scuola\"],\"articleSection\":[\"News\"],\"inLanguage\":\"it-IT\",\"potentialAction\":[{\"@type\":\"CommentAction\",\"name\":\"Comment\",\"target\":[\"https:\\\/\\\/www.sarlux.saras.it\\\/it\\\/rain-2017-come-sara-la-sardegna-di-domani\\\/#respond\"]}]},{\"@type\":\"WebPage\",\"@id\":\"https:\\\/\\\/www.sarlux.saras.it\\\/it\\\/rain-2017-come-sara-la-sardegna-di-domani\\\/\",\"url\":\"https:\\\/\\\/www.sarlux.saras.it\\\/it\\\/rain-2017-come-sara-la-sardegna-di-domani\\\/\",\"name\":\"RAIn 2017: come sar\u00e0 la Sardegna di domani? - Sarlux Saras | Refining & Power\",\"isPartOf\":{\"@id\":\"https:\\\/\\\/www.sarlux.saras.it\\\/it\\\/#website\"},\"primaryImageOfPage\":{\"@id\":\"https:\\\/\\\/www.sarlux.saras.it\\\/it\\\/rain-2017-come-sara-la-sardegna-di-domani\\\/#primaryimage\"},\"image\":{\"@id\":\"https:\\\/\\\/www.sarlux.saras.it\\\/it\\\/rain-2017-come-sara-la-sardegna-di-domani\\\/#primaryimage\"},\"thumbnailUrl\":\"https:\\\/\\\/www.sarlux.saras.it\\\/wp-content\\\/uploads\\\/2017\\\/01\\\/news-rain-evidenza.jpg\",\"datePublished\":\"2017-01-17T18:30:19+00:00\",\"dateModified\":\"2019-09-18T21:52:38+00:00\",\"description\":\"Presentata marted\u00ec 17 gennaio all'Istituto Primo Levi di Quartu Sant'Elena la terza edizione del Premio \\\"RAIn - Raccontami l'Avvenire e l'Innovazione\\\"\",\"breadcrumb\":{\"@id\":\"https:\\\/\\\/www.sarlux.saras.it\\\/it\\\/rain-2017-come-sara-la-sardegna-di-domani\\\/#breadcrumb\"},\"inLanguage\":\"it-IT\",\"potentialAction\":[{\"@type\":\"ReadAction\",\"target\":[\"https:\\\/\\\/www.sarlux.saras.it\\\/it\\\/rain-2017-come-sara-la-sardegna-di-domani\\\/\"]}]},{\"@type\":\"ImageObject\",\"inLanguage\":\"it-IT\",\"@id\":\"https:\\\/\\\/www.sarlux.saras.it\\\/it\\\/rain-2017-come-sara-la-sardegna-di-domani\\\/#primaryimage\",\"url\":\"https:\\\/\\\/www.sarlux.saras.it\\\/wp-content\\\/uploads\\\/2017\\\/01\\\/news-rain-evidenza.jpg\",\"contentUrl\":\"https:\\\/\\\/www.sarlux.saras.it\\\/wp-content\\\/uploads\\\/2017\\\/01\\\/news-rain-evidenza.jpg\",\"width\":801,\"height\":427},{\"@type\":\"BreadcrumbList\",\"@id\":\"https:\\\/\\\/www.sarlux.saras.it\\\/it\\\/rain-2017-come-sara-la-sardegna-di-domani\\\/#breadcrumb\",\"itemListElement\":[{\"@type\":\"ListItem\",\"position\":1,\"name\":\"Home\",\"item\":\"https:\\\/\\\/www.sarlux.saras.it\\\/it\\\/\"},{\"@type\":\"ListItem\",\"position\":2,\"name\":\"RAIn 2017: come sar\u00e0 la Sardegna di domani?\"}]},{\"@type\":\"WebSite\",\"@id\":\"https:\\\/\\\/www.sarlux.saras.it\\\/it\\\/#website\",\"url\":\"https:\\\/\\\/www.sarlux.saras.it\\\/it\\\/\",\"name\":\"Sarlux\",\"description\":\"\",\"publisher\":{\"@id\":\"https:\\\/\\\/www.sarlux.saras.it\\\/it\\\/#organization\"},\"potentialAction\":[{\"@type\":\"SearchAction\",\"target\":{\"@type\":\"EntryPoint\",\"urlTemplate\":\"https:\\\/\\\/www.sarlux.saras.it\\\/it\\\/?s={search_term_string}\"},\"query-input\":{\"@type\":\"PropertyValueSpecification\",\"valueRequired\":true,\"valueName\":\"search_term_string\"}}],\"inLanguage\":\"it-IT\"},{\"@type\":\"Organization\",\"@id\":\"https:\\\/\\\/www.sarlux.saras.it\\\/it\\\/#organization\",\"name\":\"Sarlux\",\"url\":\"https:\\\/\\\/www.sarlux.saras.it\\\/it\\\/\",\"logo\":{\"@type\":\"ImageObject\",\"inLanguage\":\"it-IT\",\"@id\":\"https:\\\/\\\/www.sarlux.saras.it\\\/it\\\/#\\\/schema\\\/logo\\\/image\\\/\",\"url\":\"https:\\\/\\\/www.sarlux.saras.it\\\/wp-content\\\/uploads\\\/2017\\\/12\\\/logo-pc-1.png\",\"contentUrl\":\"https:\\\/\\\/www.sarlux.saras.it\\\/wp-content\\\/uploads\\\/2017\\\/12\\\/logo-pc-1.png\",\"width\":184,\"height\":86,\"caption\":\"Sarlux\"},\"image\":{\"@id\":\"https:\\\/\\\/www.sarlux.saras.it\\\/it\\\/#\\\/schema\\\/logo\\\/image\\\/\"}},{\"@type\":\"Person\",\"@id\":\"https:\\\/\\\/www.sarlux.saras.it\\\/it\\\/#\\\/schema\\\/person\\\/bdb99fa4d691cca9dcdf7a04bca185c8\",\"name\":\"Elisabetta Marongiu\",\"image\":{\"@type\":\"ImageObject\",\"inLanguage\":\"it-IT\",\"@id\":\"https:\\\/\\\/secure.gravatar.com\\\/avatar\\\/b5d482e3eebd21f54b31387ebce7645a93699b5da9e3c3a7c894c8f30cd3e350?s=96&d=mm&r=g\",\"url\":\"https:\\\/\\\/secure.gravatar.com\\\/avatar\\\/b5d482e3eebd21f54b31387ebce7645a93699b5da9e3c3a7c894c8f30cd3e350?s=96&d=mm&r=g\",\"contentUrl\":\"https:\\\/\\\/secure.gravatar.com\\\/avatar\\\/b5d482e3eebd21f54b31387ebce7645a93699b5da9e3c3a7c894c8f30cd3e350?s=96&d=mm&r=g\",\"caption\":\"Elisabetta Marongiu\"},\"url\":\"\"}]}<\/script>\n<!-- \/ Yoast SEO plugin. -->","yoast_head_json":{"title":"RAIn 2017: come sar\u00e0 la Sardegna di domani? - Sarlux Saras | Refining & Power","description":"Presentata marted\u00ec 17 gennaio all'Istituto Primo Levi di Quartu Sant'Elena la terza edizione del Premio \"RAIn - Raccontami l'Avvenire e l'Innovazione\"","robots":{"index":"index","follow":"follow","max-snippet":"max-snippet:-1","max-image-preview":"max-image-preview:large","max-video-preview":"max-video-preview:-1"},"canonical":"https:\/\/www.sarlux.saras.it\/it\/rain-2017-come-sara-la-sardegna-di-domani\/","og_locale":"it_IT","og_type":"article","og_title":"RAIn 2017: come sar\u00e0 la Sardegna di domani? - Sarlux Saras | Refining & Power","og_description":"Presentata marted\u00ec 17 gennaio all'Istituto Primo Levi di Quartu Sant'Elena la terza edizione del Premio \"RAIn - Raccontami l'Avvenire e l'Innovazione\"","og_url":"https:\/\/www.sarlux.saras.it\/it\/rain-2017-come-sara-la-sardegna-di-domani\/","og_site_name":"Sarlux Saras | Refining & Power","article_published_time":"2017-01-17T18:30:19+00:00","article_modified_time":"2019-09-18T21:52:38+00:00","og_image":[{"width":801,"height":427,"url":"https:\/\/www.sarlux.saras.it\/wp-content\/uploads\/2017\/01\/news-rain-evidenza.jpg","type":"image\/jpeg"}],"author":"Elisabetta Marongiu","twitter_card":"summary_large_image","twitter_misc":{"Scritto da":"Elisabetta Marongiu","Tempo di lettura stimato":"2 minuti"},"schema":{"@context":"https:\/\/schema.org","@graph":[{"@type":"Article","@id":"https:\/\/www.sarlux.saras.it\/it\/rain-2017-come-sara-la-sardegna-di-domani\/#article","isPartOf":{"@id":"https:\/\/www.sarlux.saras.it\/it\/rain-2017-come-sara-la-sardegna-di-domani\/"},"author":{"name":"Elisabetta Marongiu","@id":"https:\/\/www.sarlux.saras.it\/it\/#\/schema\/person\/bdb99fa4d691cca9dcdf7a04bca185c8"},"headline":"RAIn 2017: come sar\u00e0 la Sardegna di domani?","datePublished":"2017-01-17T18:30:19+00:00","dateModified":"2019-09-18T21:52:38+00:00","mainEntityOfPage":{"@id":"https:\/\/www.sarlux.saras.it\/it\/rain-2017-come-sara-la-sardegna-di-domani\/"},"wordCount":494,"commentCount":0,"publisher":{"@id":"https:\/\/www.sarlux.saras.it\/it\/#organization"},"image":{"@id":"https:\/\/www.sarlux.saras.it\/it\/rain-2017-come-sara-la-sardegna-di-domani\/#primaryimage"},"thumbnailUrl":"https:\/\/www.sarlux.saras.it\/wp-content\/uploads\/2017\/01\/news-rain-evidenza.jpg","keywords":["Educazione","Impegno sociale","Innovazione","Saras","sardegna","Sarroch","scuola"],"articleSection":["News"],"inLanguage":"it-IT","potentialAction":[{"@type":"CommentAction","name":"Comment","target":["https:\/\/www.sarlux.saras.it\/it\/rain-2017-come-sara-la-sardegna-di-domani\/#respond"]}]},{"@type":"WebPage","@id":"https:\/\/www.sarlux.saras.it\/it\/rain-2017-come-sara-la-sardegna-di-domani\/","url":"https:\/\/www.sarlux.saras.it\/it\/rain-2017-come-sara-la-sardegna-di-domani\/","name":"RAIn 2017: come sar\u00e0 la Sardegna di domani? - Sarlux Saras | Refining & Power","isPartOf":{"@id":"https:\/\/www.sarlux.saras.it\/it\/#website"},"primaryImageOfPage":{"@id":"https:\/\/www.sarlux.saras.it\/it\/rain-2017-come-sara-la-sardegna-di-domani\/#primaryimage"},"image":{"@id":"https:\/\/www.sarlux.saras.it\/it\/rain-2017-come-sara-la-sardegna-di-domani\/#primaryimage"},"thumbnailUrl":"https:\/\/www.sarlux.saras.it\/wp-content\/uploads\/2017\/01\/news-rain-evidenza.jpg","datePublished":"2017-01-17T18:30:19+00:00","dateModified":"2019-09-18T21:52:38+00:00","description":"Presentata marted\u00ec 17 gennaio all'Istituto Primo Levi di Quartu Sant'Elena la terza edizione del Premio \"RAIn - Raccontami l'Avvenire e l'Innovazione\"","breadcrumb":{"@id":"https:\/\/www.sarlux.saras.it\/it\/rain-2017-come-sara-la-sardegna-di-domani\/#breadcrumb"},"inLanguage":"it-IT","potentialAction":[{"@type":"ReadAction","target":["https:\/\/www.sarlux.saras.it\/it\/rain-2017-come-sara-la-sardegna-di-domani\/"]}]},{"@type":"ImageObject","inLanguage":"it-IT","@id":"https:\/\/www.sarlux.saras.it\/it\/rain-2017-come-sara-la-sardegna-di-domani\/#primaryimage","url":"https:\/\/www.sarlux.saras.it\/wp-content\/uploads\/2017\/01\/news-rain-evidenza.jpg","contentUrl":"https:\/\/www.sarlux.saras.it\/wp-content\/uploads\/2017\/01\/news-rain-evidenza.jpg","width":801,"height":427},{"@type":"BreadcrumbList","@id":"https:\/\/www.sarlux.saras.it\/it\/rain-2017-come-sara-la-sardegna-di-domani\/#breadcrumb","itemListElement":[{"@type":"ListItem","position":1,"name":"Home","item":"https:\/\/www.sarlux.saras.it\/it\/"},{"@type":"ListItem","position":2,"name":"RAIn 2017: come sar\u00e0 la Sardegna di domani?"}]},{"@type":"WebSite","@id":"https:\/\/www.sarlux.saras.it\/it\/#website","url":"https:\/\/www.sarlux.saras.it\/it\/","name":"Sarlux","description":"","publisher":{"@id":"https:\/\/www.sarlux.saras.it\/it\/#organization"},"potentialAction":[{"@type":"SearchAction","target":{"@type":"EntryPoint","urlTemplate":"https:\/\/www.sarlux.saras.it\/it\/?s={search_term_string}"},"query-input":{"@type":"PropertyValueSpecification","valueRequired":true,"valueName":"search_term_string"}}],"inLanguage":"it-IT"},{"@type":"Organization","@id":"https:\/\/www.sarlux.saras.it\/it\/#organization","name":"Sarlux","url":"https:\/\/www.sarlux.saras.it\/it\/","logo":{"@type":"ImageObject","inLanguage":"it-IT","@id":"https:\/\/www.sarlux.saras.it\/it\/#\/schema\/logo\/image\/","url":"https:\/\/www.sarlux.saras.it\/wp-content\/uploads\/2017\/12\/logo-pc-1.png","contentUrl":"https:\/\/www.sarlux.saras.it\/wp-content\/uploads\/2017\/12\/logo-pc-1.png","width":184,"height":86,"caption":"Sarlux"},"image":{"@id":"https:\/\/www.sarlux.saras.it\/it\/#\/schema\/logo\/image\/"}},{"@type":"Person","@id":"https:\/\/www.sarlux.saras.it\/it\/#\/schema\/person\/bdb99fa4d691cca9dcdf7a04bca185c8","name":"Elisabetta Marongiu","image":{"@type":"ImageObject","inLanguage":"it-IT","@id":"https:\/\/secure.gravatar.com\/avatar\/b5d482e3eebd21f54b31387ebce7645a93699b5da9e3c3a7c894c8f30cd3e350?s=96&d=mm&r=g","url":"https:\/\/secure.gravatar.com\/avatar\/b5d482e3eebd21f54b31387ebce7645a93699b5da9e3c3a7c894c8f30cd3e350?s=96&d=mm&r=g","contentUrl":"https:\/\/secure.gravatar.com\/avatar\/b5d482e3eebd21f54b31387ebce7645a93699b5da9e3c3a7c894c8f30cd3e350?s=96&d=mm&r=g","caption":"Elisabetta Marongiu"},"url":""}]}},"_links":{"self":[{"href":"https:\/\/www.sarlux.saras.it\/it\/wp-json\/wp\/v2\/posts\/64957","targetHints":{"allow":["GET"]}}],"collection":[{"href":"https:\/\/www.sarlux.saras.it\/it\/wp-json\/wp\/v2\/posts"}],"about":[{"href":"https:\/\/www.sarlux.saras.it\/it\/wp-json\/wp\/v2\/types\/post"}],"author":[{"embeddable":true,"href":"https:\/\/www.sarlux.saras.it\/it\/wp-json\/wp\/v2\/users\/8"}],"replies":[{"embeddable":true,"href":"https:\/\/www.sarlux.saras.it\/it\/wp-json\/wp\/v2\/comments?post=64957"}],"version-history":[{"count":4,"href":"https:\/\/www.sarlux.saras.it\/it\/wp-json\/wp\/v2\/posts\/64957\/revisions"}],"predecessor-version":[{"id":539031,"href":"https:\/\/www.sarlux.saras.it\/it\/wp-json\/wp\/v2\/posts\/64957\/revisions\/539031"}],"wp:featuredmedia":[{"embeddable":true,"href":"https:\/\/www.sarlux.saras.it\/it\/wp-json\/wp\/v2\/media\/524818"}],"wp:attachment":[{"href":"https:\/\/www.sarlux.saras.it\/it\/wp-json\/wp\/v2\/media?parent=64957"}],"wp:term":[{"taxonomy":"category","embeddable":true,"href":"https:\/\/www.sarlux.saras.it\/it\/wp-json\/wp\/v2\/categories?post=64957"},{"taxonomy":"post_tag","embeddable":true,"href":"https:\/\/www.sarlux.saras.it\/it\/wp-json\/wp\/v2\/tags?post=64957"}],"curies":[{"name":"wp","href":"https:\/\/api.w.org\/{rel}","templated":true}]}}