{"id":65012,"date":"2017-01-30T21:44:15","date_gmt":"2017-01-30T21:44:15","guid":{"rendered":"http:\/\/www.sarlux.saras.it\/?p=65012"},"modified":"2017-12-02T17:32:07","modified_gmt":"2017-12-02T17:32:07","slug":"sarlux-raffineria-4-0","status":"publish","type":"post","link":"https:\/\/www.sarlux.saras.it\/it\/sarlux-raffineria-4-0\/","title":{"rendered":"Sarlux raffineria 4.0"},"content":{"rendered":"<p><img loading=\"lazy\" decoding=\"async\" class=\" wp-image-65069 aligncenter\" src=\"http:\/\/www.sarlux.saras.it\/wp-content\/uploads\/2017\/01\/Impianti-illuminati-300x196.jpg\" alt=\"Impianti illuminati\" width=\"698\" height=\"456\" \/><\/p>\n<p>Sarlux si trasforma in raffineria &#8220;4.0&#8221;. Lo ha annunciato Dario Scaffardi, direttore generale di Saras S.p.A. (controllante di Sarlux), al convegno &#8220;Impresa 4.0&#8221;, organizzato il 24 gennaio a Cagliari da Confindustria Digitale. La compagnia\u00a0con sede a Sarroch ha appena avviato il programma #DigitalSaras, che ha come filo conduttore la formazione del personale.\u00a0&#8220;L\u2019investimento migliore \u00e8 quello sulle nostre persone e sul loro know-how. La digitalizzazione \u00e8 una delle opportunit\u00e0 per continuare ad essere un\u2019azienda di successo&#8221;, ha detto il top manager alla platea di imprenditori e ai relatori, Maurizio De Pascale (presidente Confindustria Sardegna Meridionale), Alberto Scanu (presidente Confindustria Sardegna), Marco Santoru (direttore Confindustria), Raffaele Paci (assessore alla Programmazione Regione autonoma della Sardegna), Elio Catania (presidente Confindustria Digitale).<\/p>\n<p><img loading=\"lazy\" decoding=\"async\" class=\" wp-image-65015 aligncenter\" src=\"http:\/\/www.sarlux.saras.it\/wp-content\/uploads\/2017\/01\/IMG-20170124-WA0000-300x225.jpg\" alt=\"IMG-20170124-WA0000\" width=\"720\" height=\"540\" \/><\/p>\n<p>I progetti riguardano il sito industriale Sarlux, che si propone\u00a0di\u00a0sfruttare\u00a0tutte le opportunit\u00e0 offerte da cloud, big data e data analysis, industrial internet, cyber security e augmented reality. \u00a0\u201cLa digitalizzazione \u00e8 una grande opportunit\u00e0. Noi di Saras cerchiamo di sfruttarla al meglio per restare giovani e aspirare ad essere tra i migliori operatori del settore\u201d, queste le parole del dg.<br \/>\nDelle possibili applicazioni individuate e che incideranno sulla vita professionale\u00a0di tecnici, ingegneri di tutta l\u2019area industriale del Sud Sardegna, 8 sono gi\u00e0 in fase sperimentale. Tra le\u00a0principali\u00a0innovazioni apportate dell&#8217;Industry 4.0, Sarlux\u00a0punta sulla manutenzione predittiva: grazie ad algoritmi che\u00a0processano grandi volumi di dati, sar\u00e0 possibile individuare il momento di\u00a0rottura degli impianti o\u00a0lo sporcamento di snodi nevralgici del sito.\u00a0&#8220;Prevedere&#8221; questi eventi, con bassissimi margini di errore, vorr\u00e0 dire evitare manutenzioni inattese e le conseguenti fermate non programmate, con evidente risparmio.<\/p>\n<p><img loading=\"lazy\" decoding=\"async\" class=\" wp-image-65065 aligncenter\" src=\"http:\/\/www.sarlux.saras.it\/wp-content\/uploads\/2017\/01\/Scaffardi-Tgr-Sardegna-300x169.jpg\" alt=\"Scaffardi Tgr Sardegna\" width=\"743\" height=\"419\" \/><\/p>\n<p>Tra le applicazione nel campo delle\u00a0risorse umane, una \u00e8 stata messa a punto in collaborazione con il colosso del consulting Bcg e prevede che i dipendenti del gruppo\u00a0petrolifero si possono cimentare in un gioco di ruolo su tablet connessi in rete. Il programma consiste in un simulatore che replica la catena del valore Saras: dall\u2019acquisto dei grezzi alla vendita dei prodotti finiti sui mercati\u00a0mondiali, con variabili \u00a0mutevoli e complesse. Virtuale \u00e8 la gestione di impianti e prodotti, ma le dinamiche sono assolutamente fedeli alla realt\u00e0. Con una differenza: il giocatore si cimenta in un ruolo diverso rispetto a quello ricoperto ogni giorno\u00a0e impara cos\u00ec a vestire i panni del collega, a capire come lavora, a sviluppare empatia nei suoi confronti.\u00a0#DigitalSaras\u00a0vuol dire anche e soprattutto accrescere\u00a0le competenze dei lavoratori, come \u00a0ha sottolineato il direttore generale Dario Scaffardi, poich\u00e9 grazie alla capacit\u00e0 di comunicazione tra i \u201cgiocatori\u201d \u00a0si raggiungono livelli assolutamente inattesi a testimoniare il fatto che i gruppi meglio affiatati ottengono risultati superiori rispetto alle previsioni del motore di calcolo.<\/p>\n<p>&nbsp;<\/p>\n<p>&nbsp;<\/p>\n","protected":false},"excerpt":{"rendered":"<p>Sarlux si trasforma in raffineria &#8220;4.0&#8221;. Lo ha annunciato Dario Scaffardi, direttore generale di Saras S.p.A. (controllante di Sarlux), al convegno &#8220;Impresa 4.0&#8221;, organizzato il 24<span class=\"excerpt-hellip\"> [\u2026]<\/span><\/p>\n","protected":false},"author":2,"featured_media":524816,"comment_status":"open","ping_status":"open","sticky":false,"template":"","format":"standard","meta":{"_acf_changed":false,"inline_featured_image":false,"footnotes":""},"categories":[26,17],"tags":[],"class_list":["post-65012","post","type-post","status-publish","format-standard","has-post-thumbnail","hentry","category-home-it","category-news"],"acf":[],"yoast_head":"<!-- This site is optimized with the Yoast SEO plugin v27.3 - https:\/\/yoast.com\/product\/yoast-seo-wordpress\/ -->\n<title>Sarlux raffineria 4.0<\/title>\n<meta name=\"description\" content=\"Sarlux si trasforma in raffineria &quot;4.0&quot;. Lo ha annunciato Dario Scaffardi, direttore generale di Saras S.p.A. (controllante di Sarlux), al convegno &quot;Impresa 4.0&quot;\" \/>\n<meta name=\"robots\" content=\"index, follow, max-snippet:-1, max-image-preview:large, max-video-preview:-1\" \/>\n<link rel=\"canonical\" href=\"https:\/\/www.sarlux.saras.it\/it\/sarlux-raffineria-4-0\/\" \/>\n<meta property=\"og:locale\" content=\"it_IT\" \/>\n<meta property=\"og:type\" content=\"article\" \/>\n<meta property=\"og:title\" content=\"Sarlux raffineria 4.0\" \/>\n<meta property=\"og:description\" content=\"Sarlux si trasforma in raffineria &quot;4.0&quot;. Lo ha annunciato Dario Scaffardi, direttore generale di Saras S.p.A. (controllante di Sarlux), al convegno &quot;Impresa 4.0&quot;\" \/>\n<meta property=\"og:url\" content=\"https:\/\/www.sarlux.saras.it\/it\/sarlux-raffineria-4-0\/\" \/>\n<meta property=\"og:site_name\" content=\"Sarlux Saras | Refining &amp; Power\" \/>\n<meta property=\"article:published_time\" content=\"2017-01-30T21:44:15+00:00\" \/>\n<meta property=\"article:modified_time\" content=\"2017-12-02T17:32:07+00:00\" \/>\n<meta property=\"og:image\" content=\"https:\/\/www.sarlux.saras.it\/wp-content\/uploads\/2017\/01\/impianti-notte-1-1280x926.jpg\" \/>\n\t<meta property=\"og:image:width\" content=\"1280\" \/>\n\t<meta property=\"og:image:height\" content=\"926\" \/>\n\t<meta property=\"og:image:type\" content=\"image\/jpeg\" \/>\n<meta name=\"author\" content=\"newsarlux\" \/>\n<meta name=\"twitter:card\" content=\"summary_large_image\" \/>\n<meta name=\"twitter:label1\" content=\"Scritto da\" \/>\n\t<meta name=\"twitter:data1\" content=\"newsarlux\" \/>\n\t<meta name=\"twitter:label2\" content=\"Tempo di lettura stimato\" \/>\n\t<meta name=\"twitter:data2\" content=\"2 minuti\" \/>\n<script type=\"application\/ld+json\" class=\"yoast-schema-graph\">{\"@context\":\"https:\\\/\\\/schema.org\",\"@graph\":[{\"@type\":\"Article\",\"@id\":\"https:\\\/\\\/www.sarlux.saras.it\\\/it\\\/sarlux-raffineria-4-0\\\/#article\",\"isPartOf\":{\"@id\":\"https:\\\/\\\/www.sarlux.saras.it\\\/it\\\/sarlux-raffineria-4-0\\\/\"},\"author\":{\"name\":\"newsarlux\",\"@id\":\"https:\\\/\\\/www.sarlux.saras.it\\\/it\\\/#\\\/schema\\\/person\\\/c7561934b223f17087f8e08f41b37b83\"},\"headline\":\"Sarlux raffineria 4.0\",\"datePublished\":\"2017-01-30T21:44:15+00:00\",\"dateModified\":\"2017-12-02T17:32:07+00:00\",\"mainEntityOfPage\":{\"@id\":\"https:\\\/\\\/www.sarlux.saras.it\\\/it\\\/sarlux-raffineria-4-0\\\/\"},\"wordCount\":443,\"commentCount\":0,\"publisher\":{\"@id\":\"https:\\\/\\\/www.sarlux.saras.it\\\/it\\\/#organization\"},\"image\":{\"@id\":\"https:\\\/\\\/www.sarlux.saras.it\\\/it\\\/sarlux-raffineria-4-0\\\/#primaryimage\"},\"thumbnailUrl\":\"https:\\\/\\\/www.sarlux.saras.it\\\/wp-content\\\/uploads\\\/2017\\\/01\\\/impianti-notte-1.jpg\",\"articleSection\":[\"home\",\"News\"],\"inLanguage\":\"it-IT\",\"potentialAction\":[{\"@type\":\"CommentAction\",\"name\":\"Comment\",\"target\":[\"https:\\\/\\\/www.sarlux.saras.it\\\/it\\\/sarlux-raffineria-4-0\\\/#respond\"]}]},{\"@type\":\"WebPage\",\"@id\":\"https:\\\/\\\/www.sarlux.saras.it\\\/it\\\/sarlux-raffineria-4-0\\\/\",\"url\":\"https:\\\/\\\/www.sarlux.saras.it\\\/it\\\/sarlux-raffineria-4-0\\\/\",\"name\":\"Sarlux raffineria 4.0\",\"isPartOf\":{\"@id\":\"https:\\\/\\\/www.sarlux.saras.it\\\/it\\\/#website\"},\"primaryImageOfPage\":{\"@id\":\"https:\\\/\\\/www.sarlux.saras.it\\\/it\\\/sarlux-raffineria-4-0\\\/#primaryimage\"},\"image\":{\"@id\":\"https:\\\/\\\/www.sarlux.saras.it\\\/it\\\/sarlux-raffineria-4-0\\\/#primaryimage\"},\"thumbnailUrl\":\"https:\\\/\\\/www.sarlux.saras.it\\\/wp-content\\\/uploads\\\/2017\\\/01\\\/impianti-notte-1.jpg\",\"datePublished\":\"2017-01-30T21:44:15+00:00\",\"dateModified\":\"2017-12-02T17:32:07+00:00\",\"description\":\"Sarlux si trasforma in raffineria \\\"4.0\\\". Lo ha annunciato Dario Scaffardi, direttore generale di Saras S.p.A. (controllante di Sarlux), al convegno \\\"Impresa 4.0\\\"\",\"breadcrumb\":{\"@id\":\"https:\\\/\\\/www.sarlux.saras.it\\\/it\\\/sarlux-raffineria-4-0\\\/#breadcrumb\"},\"inLanguage\":\"it-IT\",\"potentialAction\":[{\"@type\":\"ReadAction\",\"target\":[\"https:\\\/\\\/www.sarlux.saras.it\\\/it\\\/sarlux-raffineria-4-0\\\/\"]}]},{\"@type\":\"ImageObject\",\"inLanguage\":\"it-IT\",\"@id\":\"https:\\\/\\\/www.sarlux.saras.it\\\/it\\\/sarlux-raffineria-4-0\\\/#primaryimage\",\"url\":\"https:\\\/\\\/www.sarlux.saras.it\\\/wp-content\\\/uploads\\\/2017\\\/01\\\/impianti-notte-1.jpg\",\"contentUrl\":\"https:\\\/\\\/www.sarlux.saras.it\\\/wp-content\\\/uploads\\\/2017\\\/01\\\/impianti-notte-1.jpg\",\"width\":2129,\"height\":1540},{\"@type\":\"BreadcrumbList\",\"@id\":\"https:\\\/\\\/www.sarlux.saras.it\\\/it\\\/sarlux-raffineria-4-0\\\/#breadcrumb\",\"itemListElement\":[{\"@type\":\"ListItem\",\"position\":1,\"name\":\"Home\",\"item\":\"https:\\\/\\\/www.sarlux.saras.it\\\/it\\\/\"},{\"@type\":\"ListItem\",\"position\":2,\"name\":\"Sarlux raffineria 4.0\"}]},{\"@type\":\"WebSite\",\"@id\":\"https:\\\/\\\/www.sarlux.saras.it\\\/it\\\/#website\",\"url\":\"https:\\\/\\\/www.sarlux.saras.it\\\/it\\\/\",\"name\":\"Sarlux\",\"description\":\"\",\"publisher\":{\"@id\":\"https:\\\/\\\/www.sarlux.saras.it\\\/it\\\/#organization\"},\"potentialAction\":[{\"@type\":\"SearchAction\",\"target\":{\"@type\":\"EntryPoint\",\"urlTemplate\":\"https:\\\/\\\/www.sarlux.saras.it\\\/it\\\/?s={search_term_string}\"},\"query-input\":{\"@type\":\"PropertyValueSpecification\",\"valueRequired\":true,\"valueName\":\"search_term_string\"}}],\"inLanguage\":\"it-IT\"},{\"@type\":\"Organization\",\"@id\":\"https:\\\/\\\/www.sarlux.saras.it\\\/it\\\/#organization\",\"name\":\"Sarlux\",\"url\":\"https:\\\/\\\/www.sarlux.saras.it\\\/it\\\/\",\"logo\":{\"@type\":\"ImageObject\",\"inLanguage\":\"it-IT\",\"@id\":\"https:\\\/\\\/www.sarlux.saras.it\\\/it\\\/#\\\/schema\\\/logo\\\/image\\\/\",\"url\":\"https:\\\/\\\/www.sarlux.saras.it\\\/wp-content\\\/uploads\\\/2017\\\/12\\\/logo-pc-1.png\",\"contentUrl\":\"https:\\\/\\\/www.sarlux.saras.it\\\/wp-content\\\/uploads\\\/2017\\\/12\\\/logo-pc-1.png\",\"width\":184,\"height\":86,\"caption\":\"Sarlux\"},\"image\":{\"@id\":\"https:\\\/\\\/www.sarlux.saras.it\\\/it\\\/#\\\/schema\\\/logo\\\/image\\\/\"}},{\"@type\":\"Person\",\"@id\":\"https:\\\/\\\/www.sarlux.saras.it\\\/it\\\/#\\\/schema\\\/person\\\/c7561934b223f17087f8e08f41b37b83\",\"name\":\"newsarlux\",\"image\":{\"@type\":\"ImageObject\",\"inLanguage\":\"it-IT\",\"@id\":\"https:\\\/\\\/secure.gravatar.com\\\/avatar\\\/eb7f74d52340ebedd5480701fcdd6d2904abef8cdb3a51882f629f2dd32d610d?s=96&d=mm&r=g\",\"url\":\"https:\\\/\\\/secure.gravatar.com\\\/avatar\\\/eb7f74d52340ebedd5480701fcdd6d2904abef8cdb3a51882f629f2dd32d610d?s=96&d=mm&r=g\",\"contentUrl\":\"https:\\\/\\\/secure.gravatar.com\\\/avatar\\\/eb7f74d52340ebedd5480701fcdd6d2904abef8cdb3a51882f629f2dd32d610d?s=96&d=mm&r=g\",\"caption\":\"newsarlux\"},\"url\":\"\"}]}<\/script>\n<!-- \/ Yoast SEO plugin. -->","yoast_head_json":{"title":"Sarlux raffineria 4.0","description":"Sarlux si trasforma in raffineria \"4.0\". Lo ha annunciato Dario Scaffardi, direttore generale di Saras S.p.A. (controllante di Sarlux), al convegno \"Impresa 4.0\"","robots":{"index":"index","follow":"follow","max-snippet":"max-snippet:-1","max-image-preview":"max-image-preview:large","max-video-preview":"max-video-preview:-1"},"canonical":"https:\/\/www.sarlux.saras.it\/it\/sarlux-raffineria-4-0\/","og_locale":"it_IT","og_type":"article","og_title":"Sarlux raffineria 4.0","og_description":"Sarlux si trasforma in raffineria \"4.0\". Lo ha annunciato Dario Scaffardi, direttore generale di Saras S.p.A. (controllante di Sarlux), al convegno \"Impresa 4.0\"","og_url":"https:\/\/www.sarlux.saras.it\/it\/sarlux-raffineria-4-0\/","og_site_name":"Sarlux Saras | Refining & Power","article_published_time":"2017-01-30T21:44:15+00:00","article_modified_time":"2017-12-02T17:32:07+00:00","og_image":[{"width":1280,"height":926,"url":"https:\/\/www.sarlux.saras.it\/wp-content\/uploads\/2017\/01\/impianti-notte-1-1280x926.jpg","type":"image\/jpeg"}],"author":"newsarlux","twitter_card":"summary_large_image","twitter_misc":{"Scritto da":"newsarlux","Tempo di lettura stimato":"2 minuti"},"schema":{"@context":"https:\/\/schema.org","@graph":[{"@type":"Article","@id":"https:\/\/www.sarlux.saras.it\/it\/sarlux-raffineria-4-0\/#article","isPartOf":{"@id":"https:\/\/www.sarlux.saras.it\/it\/sarlux-raffineria-4-0\/"},"author":{"name":"newsarlux","@id":"https:\/\/www.sarlux.saras.it\/it\/#\/schema\/person\/c7561934b223f17087f8e08f41b37b83"},"headline":"Sarlux raffineria 4.0","datePublished":"2017-01-30T21:44:15+00:00","dateModified":"2017-12-02T17:32:07+00:00","mainEntityOfPage":{"@id":"https:\/\/www.sarlux.saras.it\/it\/sarlux-raffineria-4-0\/"},"wordCount":443,"commentCount":0,"publisher":{"@id":"https:\/\/www.sarlux.saras.it\/it\/#organization"},"image":{"@id":"https:\/\/www.sarlux.saras.it\/it\/sarlux-raffineria-4-0\/#primaryimage"},"thumbnailUrl":"https:\/\/www.sarlux.saras.it\/wp-content\/uploads\/2017\/01\/impianti-notte-1.jpg","articleSection":["home","News"],"inLanguage":"it-IT","potentialAction":[{"@type":"CommentAction","name":"Comment","target":["https:\/\/www.sarlux.saras.it\/it\/sarlux-raffineria-4-0\/#respond"]}]},{"@type":"WebPage","@id":"https:\/\/www.sarlux.saras.it\/it\/sarlux-raffineria-4-0\/","url":"https:\/\/www.sarlux.saras.it\/it\/sarlux-raffineria-4-0\/","name":"Sarlux raffineria 4.0","isPartOf":{"@id":"https:\/\/www.sarlux.saras.it\/it\/#website"},"primaryImageOfPage":{"@id":"https:\/\/www.sarlux.saras.it\/it\/sarlux-raffineria-4-0\/#primaryimage"},"image":{"@id":"https:\/\/www.sarlux.saras.it\/it\/sarlux-raffineria-4-0\/#primaryimage"},"thumbnailUrl":"https:\/\/www.sarlux.saras.it\/wp-content\/uploads\/2017\/01\/impianti-notte-1.jpg","datePublished":"2017-01-30T21:44:15+00:00","dateModified":"2017-12-02T17:32:07+00:00","description":"Sarlux si trasforma in raffineria \"4.0\". Lo ha annunciato Dario Scaffardi, direttore generale di Saras S.p.A. (controllante di Sarlux), al convegno \"Impresa 4.0\"","breadcrumb":{"@id":"https:\/\/www.sarlux.saras.it\/it\/sarlux-raffineria-4-0\/#breadcrumb"},"inLanguage":"it-IT","potentialAction":[{"@type":"ReadAction","target":["https:\/\/www.sarlux.saras.it\/it\/sarlux-raffineria-4-0\/"]}]},{"@type":"ImageObject","inLanguage":"it-IT","@id":"https:\/\/www.sarlux.saras.it\/it\/sarlux-raffineria-4-0\/#primaryimage","url":"https:\/\/www.sarlux.saras.it\/wp-content\/uploads\/2017\/01\/impianti-notte-1.jpg","contentUrl":"https:\/\/www.sarlux.saras.it\/wp-content\/uploads\/2017\/01\/impianti-notte-1.jpg","width":2129,"height":1540},{"@type":"BreadcrumbList","@id":"https:\/\/www.sarlux.saras.it\/it\/sarlux-raffineria-4-0\/#breadcrumb","itemListElement":[{"@type":"ListItem","position":1,"name":"Home","item":"https:\/\/www.sarlux.saras.it\/it\/"},{"@type":"ListItem","position":2,"name":"Sarlux raffineria 4.0"}]},{"@type":"WebSite","@id":"https:\/\/www.sarlux.saras.it\/it\/#website","url":"https:\/\/www.sarlux.saras.it\/it\/","name":"Sarlux","description":"","publisher":{"@id":"https:\/\/www.sarlux.saras.it\/it\/#organization"},"potentialAction":[{"@type":"SearchAction","target":{"@type":"EntryPoint","urlTemplate":"https:\/\/www.sarlux.saras.it\/it\/?s={search_term_string}"},"query-input":{"@type":"PropertyValueSpecification","valueRequired":true,"valueName":"search_term_string"}}],"inLanguage":"it-IT"},{"@type":"Organization","@id":"https:\/\/www.sarlux.saras.it\/it\/#organization","name":"Sarlux","url":"https:\/\/www.sarlux.saras.it\/it\/","logo":{"@type":"ImageObject","inLanguage":"it-IT","@id":"https:\/\/www.sarlux.saras.it\/it\/#\/schema\/logo\/image\/","url":"https:\/\/www.sarlux.saras.it\/wp-content\/uploads\/2017\/12\/logo-pc-1.png","contentUrl":"https:\/\/www.sarlux.saras.it\/wp-content\/uploads\/2017\/12\/logo-pc-1.png","width":184,"height":86,"caption":"Sarlux"},"image":{"@id":"https:\/\/www.sarlux.saras.it\/it\/#\/schema\/logo\/image\/"}},{"@type":"Person","@id":"https:\/\/www.sarlux.saras.it\/it\/#\/schema\/person\/c7561934b223f17087f8e08f41b37b83","name":"newsarlux","image":{"@type":"ImageObject","inLanguage":"it-IT","@id":"https:\/\/secure.gravatar.com\/avatar\/eb7f74d52340ebedd5480701fcdd6d2904abef8cdb3a51882f629f2dd32d610d?s=96&d=mm&r=g","url":"https:\/\/secure.gravatar.com\/avatar\/eb7f74d52340ebedd5480701fcdd6d2904abef8cdb3a51882f629f2dd32d610d?s=96&d=mm&r=g","contentUrl":"https:\/\/secure.gravatar.com\/avatar\/eb7f74d52340ebedd5480701fcdd6d2904abef8cdb3a51882f629f2dd32d610d?s=96&d=mm&r=g","caption":"newsarlux"},"url":""}]}},"_links":{"self":[{"href":"https:\/\/www.sarlux.saras.it\/it\/wp-json\/wp\/v2\/posts\/65012","targetHints":{"allow":["GET"]}}],"collection":[{"href":"https:\/\/www.sarlux.saras.it\/it\/wp-json\/wp\/v2\/posts"}],"about":[{"href":"https:\/\/www.sarlux.saras.it\/it\/wp-json\/wp\/v2\/types\/post"}],"author":[{"embeddable":true,"href":"https:\/\/www.sarlux.saras.it\/it\/wp-json\/wp\/v2\/users\/2"}],"replies":[{"embeddable":true,"href":"https:\/\/www.sarlux.saras.it\/it\/wp-json\/wp\/v2\/comments?post=65012"}],"version-history":[{"count":1,"href":"https:\/\/www.sarlux.saras.it\/it\/wp-json\/wp\/v2\/posts\/65012\/revisions"}],"predecessor-version":[{"id":524272,"href":"https:\/\/www.sarlux.saras.it\/it\/wp-json\/wp\/v2\/posts\/65012\/revisions\/524272"}],"wp:featuredmedia":[{"embeddable":true,"href":"https:\/\/www.sarlux.saras.it\/it\/wp-json\/wp\/v2\/media\/524816"}],"wp:attachment":[{"href":"https:\/\/www.sarlux.saras.it\/it\/wp-json\/wp\/v2\/media?parent=65012"}],"wp:term":[{"taxonomy":"category","embeddable":true,"href":"https:\/\/www.sarlux.saras.it\/it\/wp-json\/wp\/v2\/categories?post=65012"},{"taxonomy":"post_tag","embeddable":true,"href":"https:\/\/www.sarlux.saras.it\/it\/wp-json\/wp\/v2\/tags?post=65012"}],"curies":[{"name":"wp","href":"https:\/\/api.w.org\/{rel}","templated":true}]}}