{"id":9719,"date":"2016-03-21T19:45:27","date_gmt":"2016-03-21T19:45:27","guid":{"rendered":"http:\/\/www.sarlux.saras.it\/?p=9719"},"modified":"2017-12-01T13:26:33","modified_gmt":"2017-12-01T13:26:33","slug":"il-modello-sarroch-nella-giornata-diocesana-del-lavoro","status":"publish","type":"post","link":"https:\/\/www.sarlux.saras.it\/it\/il-modello-sarroch-nella-giornata-diocesana-del-lavoro\/","title":{"rendered":"Il &quot;modello Sarroch&quot; nella Giornata diocesana del Lavoro"},"content":{"rendered":"<p>&nbsp;<\/p>\n<div id=\"attachment_10263\" style=\"width: 444px\" class=\"wp-caption aligncenter\"><img loading=\"lazy\" decoding=\"async\" aria-describedby=\"caption-attachment-10263\" class=\"wp-image-10263\" src=\"http:\/\/www.sarlux.saras.it\/wp-content\/uploads\/2016\/03\/MIGLIO-TAVOLA-ROTONDA-19-MARZO-300x166.png\" alt=\"MIGLIO TAVOLA ROTONDA 19 MARZO\" width=\"434\" height=\"240\" \/><p id=\"caption-attachment-10263\" class=\"wp-caption-text\">L&#8217;arcivescovo Arrigo Miglio alla tavola rotonda a Sarroch<\/p><\/div>\n<p>Industria, agricoltura, turismo, artigianato\u00a0e\u00a0ricerca. Nel nome di questa convivenza fra pi\u00f9 settori produttivi la Diocesi di Cagliari ha celebrato a Sarroch la Giornata diocesana del Lavoro,\u00a0nel giorno di San Giuseppe. Sabato 19 marzo,\u00a0alcuni esponenti dei principali settori\u00a0hanno discusso dei temi del lavoro alla tavola rotonda intitolata &#8220;Territorio, sviluppo e occupazione&#8221;. Dopo il saluto di don Giulio Madeddu, direttore dell&#8217;Ufficio per la Pastorale sociale e del Lavoro, del parroco Gianni Locci e del sindaco di Sarroch Salvatore Mattana, si sono confrontati sul tema\u00a0Oriana Putzolu, segretario della Cisl,Alberto Scanu, presidente Confindustria Sardegna, Luca Sanna di Confagricoltura e Carla Medau, sindaco di Pula, intervistati\u00a0dalla giornalista Anna Piras, capo redattore Rai Sardegna.<\/p>\n<p>Oriana Putzolu ha sottolineato come proprio quello di Sarroch sia un modello dove sono intrecciati benissimo aspetti legati alla terra, al turismo, all&#8217;agricoltura, all&#8217;industria, per un modello che pu\u00f2 rappresentare la giusta tendenza di &#8220;favorire l&#8217;economia salvaguardando l&#8217;ambiente&#8221;. A proposito di bellezze naturali il primo cittadino di Pula, Carla Medau, ha posto l&#8217;accento sull&#8217;innegabile vantaggio di cui gode il suo\u00a0territorio, che per\u00f2 non \u00e8 esente dal peso della disoccupazione. &#8220;Grazie ad imprenditori illuminati viviamo lo sviluppo di un caposaldo della Sardegna, il turismo, ma altri settori risentono della crisi, come l&#8217;agroalimentare, nonostante sia una realt\u00e0 di eccellenza&#8221;.<\/p>\n<div id=\"attachment_10265\" style=\"width: 434px\" class=\"wp-caption aligncenter\"><img loading=\"lazy\" decoding=\"async\" aria-describedby=\"caption-attachment-10265\" class=\"wp-image-10265\" src=\"http:\/\/www.sarlux.saras.it\/wp-content\/uploads\/2016\/03\/madau-anna-piras-tavola-rotonda-300x169.jpg\" alt=\"Carla Madau sindaco Pula \" width=\"424\" height=\"239\" \/><p id=\"caption-attachment-10265\" class=\"wp-caption-text\">Carla Madau, sindaco Pula e la giornalista Anna Piras<\/p><\/div>\n<p>Alberto Scanu ha colto l&#8217;occasione per evidenziare proprio la capacit\u00e0 di questa zona\u00a0produttiva di integrare le diverse realt\u00e0, un&#8217;area del Sud Sardegna alla quale da poco \u00e8 stato riconosciuto il premio &#8220;Destinazione\u00a0sostenibile d&#8217;Europa&#8221;. &#8220;Ma \u00e8 necessario declinare bene i valori del lavoro per formare la giusta coscienza su ambiente e lavoro\u00a0-ha detto il presidente degli Industriali sardi\u00a0&#8211;\u00a0\u00a0senza ridurre tutto a una lotta tra fazioni o partiti di pro e contro&#8221;.<br \/>\nPer Confagricoltura, Luca Sanna ha ricordato il grande ruolo dell&#8217;agricoltura nell&#8217;export sardo, con i prodotti della terra secondi solo a quelli petroliferi. &#8220;Migliaia di piccoli imprenditori contribuiscono ad innalzare i livelli occupazionali in Sardegna&#8221;, ha ricordato.<\/p>\n<p>Durante le\u00a0conclusioni,\u00a0l&#8217;arcivescovo Arrigo Miglio ha ricordato le parole di Papa Francesco. &#8220;L&#8217;enciclica Laudato Sii ha avuto il potere\u00a0di diventare molto popolare anche tra i laici, anche perch\u00e9 il tema dell&#8217;ambiente \u00e8 terreno fecondo di opportunit\u00e0. Ma il Papa ci d\u00e0 l&#8217;orientamento verso il rispetto del creato, che esiste a servizio della persona. Dobbiamo mettere assieme le conoscenze per creare una cultura per il lavoro&#8221;.<br \/>\nAl termine della tavola rotonda, don Miglio ha celebrato la messa nella chiesa di Santa Vittoria, a\u00a0Sarroch.<\/p>\n<p>&nbsp;<\/p>\n<p>&nbsp;<\/p>\n","protected":false},"excerpt":{"rendered":"<p>&nbsp; Industria, agricoltura, turismo, artigianato\u00a0e\u00a0ricerca. Nel nome di questa convivenza fra pi\u00f9 settori produttivi la Diocesi di Cagliari ha celebrato a Sarroch la Giornata diocesana del<span class=\"excerpt-hellip\"> [\u2026]<\/span><\/p>\n","protected":false},"author":8,"featured_media":10267,"comment_status":"open","ping_status":"open","sticky":false,"template":"","format":"standard","meta":{"_acf_changed":false,"inline_featured_image":false,"footnotes":""},"categories":[17],"tags":[],"class_list":["post-9719","post","type-post","status-publish","format-standard","has-post-thumbnail","hentry","category-news"],"acf":[],"yoast_head":"<!-- This site is optimized with the Yoast SEO plugin v27.3 - https:\/\/yoast.com\/product\/yoast-seo-wordpress\/ -->\n<title>Il &quot;modello Sarroch&quot; nella Giornata diocesana del Lavoro - Sarlux Saras | Refining &amp; Power<\/title>\n<meta name=\"robots\" content=\"index, follow, max-snippet:-1, max-image-preview:large, max-video-preview:-1\" \/>\n<link rel=\"canonical\" href=\"https:\/\/www.sarlux.saras.it\/it\/il-modello-sarroch-nella-giornata-diocesana-del-lavoro\/\" \/>\n<meta property=\"og:locale\" content=\"it_IT\" \/>\n<meta property=\"og:type\" content=\"article\" \/>\n<meta property=\"og:title\" content=\"Il &quot;modello Sarroch&quot; nella Giornata diocesana del Lavoro - Sarlux Saras | Refining &amp; Power\" \/>\n<meta property=\"og:description\" content=\"&nbsp; Industria, agricoltura, turismo, artigianato\u00a0e\u00a0ricerca. Nel nome di questa convivenza fra pi\u00f9 settori produttivi la Diocesi di Cagliari ha celebrato a Sarroch la Giornata diocesana del [\u2026]\" \/>\n<meta property=\"og:url\" content=\"https:\/\/www.sarlux.saras.it\/it\/il-modello-sarroch-nella-giornata-diocesana-del-lavoro\/\" \/>\n<meta property=\"og:site_name\" content=\"Sarlux Saras | Refining &amp; Power\" \/>\n<meta property=\"article:published_time\" content=\"2016-03-21T19:45:27+00:00\" \/>\n<meta property=\"article:modified_time\" content=\"2017-12-01T13:26:33+00:00\" \/>\n<meta name=\"author\" content=\"Elisabetta Marongiu\" \/>\n<meta name=\"twitter:card\" content=\"summary_large_image\" \/>\n<meta name=\"twitter:label1\" content=\"Scritto da\" \/>\n\t<meta name=\"twitter:data1\" content=\"Elisabetta Marongiu\" \/>\n\t<meta name=\"twitter:label2\" content=\"Tempo di lettura stimato\" \/>\n\t<meta name=\"twitter:data2\" content=\"2 minuti\" \/>\n<script type=\"application\/ld+json\" class=\"yoast-schema-graph\">{\"@context\":\"https:\\\/\\\/schema.org\",\"@graph\":[{\"@type\":\"Article\",\"@id\":\"https:\\\/\\\/www.sarlux.saras.it\\\/it\\\/il-modello-sarroch-nella-giornata-diocesana-del-lavoro\\\/#article\",\"isPartOf\":{\"@id\":\"https:\\\/\\\/www.sarlux.saras.it\\\/it\\\/il-modello-sarroch-nella-giornata-diocesana-del-lavoro\\\/\"},\"author\":{\"name\":\"Elisabetta Marongiu\",\"@id\":\"https:\\\/\\\/www.sarlux.saras.it\\\/it\\\/#\\\/schema\\\/person\\\/bdb99fa4d691cca9dcdf7a04bca185c8\"},\"headline\":\"Il &quot;modello Sarroch&quot; nella Giornata diocesana del Lavoro\",\"datePublished\":\"2016-03-21T19:45:27+00:00\",\"dateModified\":\"2017-12-01T13:26:33+00:00\",\"mainEntityOfPage\":{\"@id\":\"https:\\\/\\\/www.sarlux.saras.it\\\/it\\\/il-modello-sarroch-nella-giornata-diocesana-del-lavoro\\\/\"},\"wordCount\":449,\"commentCount\":0,\"publisher\":{\"@id\":\"https:\\\/\\\/www.sarlux.saras.it\\\/it\\\/#organization\"},\"image\":{\"@id\":\"https:\\\/\\\/www.sarlux.saras.it\\\/it\\\/il-modello-sarroch-nella-giornata-diocesana-del-lavoro\\\/#primaryimage\"},\"thumbnailUrl\":\"\",\"articleSection\":[\"News\"],\"inLanguage\":\"it-IT\",\"potentialAction\":[{\"@type\":\"CommentAction\",\"name\":\"Comment\",\"target\":[\"https:\\\/\\\/www.sarlux.saras.it\\\/it\\\/il-modello-sarroch-nella-giornata-diocesana-del-lavoro\\\/#respond\"]}]},{\"@type\":\"WebPage\",\"@id\":\"https:\\\/\\\/www.sarlux.saras.it\\\/it\\\/il-modello-sarroch-nella-giornata-diocesana-del-lavoro\\\/\",\"url\":\"https:\\\/\\\/www.sarlux.saras.it\\\/it\\\/il-modello-sarroch-nella-giornata-diocesana-del-lavoro\\\/\",\"name\":\"Il &quot;modello Sarroch&quot; nella Giornata diocesana del Lavoro - Sarlux Saras | Refining & Power\",\"isPartOf\":{\"@id\":\"https:\\\/\\\/www.sarlux.saras.it\\\/it\\\/#website\"},\"primaryImageOfPage\":{\"@id\":\"https:\\\/\\\/www.sarlux.saras.it\\\/it\\\/il-modello-sarroch-nella-giornata-diocesana-del-lavoro\\\/#primaryimage\"},\"image\":{\"@id\":\"https:\\\/\\\/www.sarlux.saras.it\\\/it\\\/il-modello-sarroch-nella-giornata-diocesana-del-lavoro\\\/#primaryimage\"},\"thumbnailUrl\":\"\",\"datePublished\":\"2016-03-21T19:45:27+00:00\",\"dateModified\":\"2017-12-01T13:26:33+00:00\",\"breadcrumb\":{\"@id\":\"https:\\\/\\\/www.sarlux.saras.it\\\/it\\\/il-modello-sarroch-nella-giornata-diocesana-del-lavoro\\\/#breadcrumb\"},\"inLanguage\":\"it-IT\",\"potentialAction\":[{\"@type\":\"ReadAction\",\"target\":[\"https:\\\/\\\/www.sarlux.saras.it\\\/it\\\/il-modello-sarroch-nella-giornata-diocesana-del-lavoro\\\/\"]}]},{\"@type\":\"ImageObject\",\"inLanguage\":\"it-IT\",\"@id\":\"https:\\\/\\\/www.sarlux.saras.it\\\/it\\\/il-modello-sarroch-nella-giornata-diocesana-del-lavoro\\\/#primaryimage\",\"url\":\"\",\"contentUrl\":\"\"},{\"@type\":\"BreadcrumbList\",\"@id\":\"https:\\\/\\\/www.sarlux.saras.it\\\/it\\\/il-modello-sarroch-nella-giornata-diocesana-del-lavoro\\\/#breadcrumb\",\"itemListElement\":[{\"@type\":\"ListItem\",\"position\":1,\"name\":\"Home\",\"item\":\"https:\\\/\\\/www.sarlux.saras.it\\\/it\\\/\"},{\"@type\":\"ListItem\",\"position\":2,\"name\":\"Il &quot;modello Sarroch&quot; nella Giornata diocesana del Lavoro\"}]},{\"@type\":\"WebSite\",\"@id\":\"https:\\\/\\\/www.sarlux.saras.it\\\/it\\\/#website\",\"url\":\"https:\\\/\\\/www.sarlux.saras.it\\\/it\\\/\",\"name\":\"Sarlux\",\"description\":\"\",\"publisher\":{\"@id\":\"https:\\\/\\\/www.sarlux.saras.it\\\/it\\\/#organization\"},\"potentialAction\":[{\"@type\":\"SearchAction\",\"target\":{\"@type\":\"EntryPoint\",\"urlTemplate\":\"https:\\\/\\\/www.sarlux.saras.it\\\/it\\\/?s={search_term_string}\"},\"query-input\":{\"@type\":\"PropertyValueSpecification\",\"valueRequired\":true,\"valueName\":\"search_term_string\"}}],\"inLanguage\":\"it-IT\"},{\"@type\":\"Organization\",\"@id\":\"https:\\\/\\\/www.sarlux.saras.it\\\/it\\\/#organization\",\"name\":\"Sarlux\",\"url\":\"https:\\\/\\\/www.sarlux.saras.it\\\/it\\\/\",\"logo\":{\"@type\":\"ImageObject\",\"inLanguage\":\"it-IT\",\"@id\":\"https:\\\/\\\/www.sarlux.saras.it\\\/it\\\/#\\\/schema\\\/logo\\\/image\\\/\",\"url\":\"https:\\\/\\\/www.sarlux.saras.it\\\/wp-content\\\/uploads\\\/2017\\\/12\\\/logo-pc-1.png\",\"contentUrl\":\"https:\\\/\\\/www.sarlux.saras.it\\\/wp-content\\\/uploads\\\/2017\\\/12\\\/logo-pc-1.png\",\"width\":184,\"height\":86,\"caption\":\"Sarlux\"},\"image\":{\"@id\":\"https:\\\/\\\/www.sarlux.saras.it\\\/it\\\/#\\\/schema\\\/logo\\\/image\\\/\"}},{\"@type\":\"Person\",\"@id\":\"https:\\\/\\\/www.sarlux.saras.it\\\/it\\\/#\\\/schema\\\/person\\\/bdb99fa4d691cca9dcdf7a04bca185c8\",\"name\":\"Elisabetta Marongiu\",\"image\":{\"@type\":\"ImageObject\",\"inLanguage\":\"it-IT\",\"@id\":\"https:\\\/\\\/secure.gravatar.com\\\/avatar\\\/b5d482e3eebd21f54b31387ebce7645a93699b5da9e3c3a7c894c8f30cd3e350?s=96&d=mm&r=g\",\"url\":\"https:\\\/\\\/secure.gravatar.com\\\/avatar\\\/b5d482e3eebd21f54b31387ebce7645a93699b5da9e3c3a7c894c8f30cd3e350?s=96&d=mm&r=g\",\"contentUrl\":\"https:\\\/\\\/secure.gravatar.com\\\/avatar\\\/b5d482e3eebd21f54b31387ebce7645a93699b5da9e3c3a7c894c8f30cd3e350?s=96&d=mm&r=g\",\"caption\":\"Elisabetta Marongiu\"},\"url\":\"\"}]}<\/script>\n<!-- \/ Yoast SEO plugin. -->","yoast_head_json":{"title":"Il &quot;modello Sarroch&quot; nella Giornata diocesana del Lavoro - Sarlux Saras | Refining & Power","robots":{"index":"index","follow":"follow","max-snippet":"max-snippet:-1","max-image-preview":"max-image-preview:large","max-video-preview":"max-video-preview:-1"},"canonical":"https:\/\/www.sarlux.saras.it\/it\/il-modello-sarroch-nella-giornata-diocesana-del-lavoro\/","og_locale":"it_IT","og_type":"article","og_title":"Il &quot;modello Sarroch&quot; nella Giornata diocesana del Lavoro - Sarlux Saras | Refining & Power","og_description":"&nbsp; Industria, agricoltura, turismo, artigianato\u00a0e\u00a0ricerca. Nel nome di questa convivenza fra pi\u00f9 settori produttivi la Diocesi di Cagliari ha celebrato a Sarroch la Giornata diocesana del [\u2026]","og_url":"https:\/\/www.sarlux.saras.it\/it\/il-modello-sarroch-nella-giornata-diocesana-del-lavoro\/","og_site_name":"Sarlux Saras | Refining & Power","article_published_time":"2016-03-21T19:45:27+00:00","article_modified_time":"2017-12-01T13:26:33+00:00","author":"Elisabetta Marongiu","twitter_card":"summary_large_image","twitter_misc":{"Scritto da":"Elisabetta Marongiu","Tempo di lettura stimato":"2 minuti"},"schema":{"@context":"https:\/\/schema.org","@graph":[{"@type":"Article","@id":"https:\/\/www.sarlux.saras.it\/it\/il-modello-sarroch-nella-giornata-diocesana-del-lavoro\/#article","isPartOf":{"@id":"https:\/\/www.sarlux.saras.it\/it\/il-modello-sarroch-nella-giornata-diocesana-del-lavoro\/"},"author":{"name":"Elisabetta Marongiu","@id":"https:\/\/www.sarlux.saras.it\/it\/#\/schema\/person\/bdb99fa4d691cca9dcdf7a04bca185c8"},"headline":"Il &quot;modello Sarroch&quot; nella Giornata diocesana del Lavoro","datePublished":"2016-03-21T19:45:27+00:00","dateModified":"2017-12-01T13:26:33+00:00","mainEntityOfPage":{"@id":"https:\/\/www.sarlux.saras.it\/it\/il-modello-sarroch-nella-giornata-diocesana-del-lavoro\/"},"wordCount":449,"commentCount":0,"publisher":{"@id":"https:\/\/www.sarlux.saras.it\/it\/#organization"},"image":{"@id":"https:\/\/www.sarlux.saras.it\/it\/il-modello-sarroch-nella-giornata-diocesana-del-lavoro\/#primaryimage"},"thumbnailUrl":"","articleSection":["News"],"inLanguage":"it-IT","potentialAction":[{"@type":"CommentAction","name":"Comment","target":["https:\/\/www.sarlux.saras.it\/it\/il-modello-sarroch-nella-giornata-diocesana-del-lavoro\/#respond"]}]},{"@type":"WebPage","@id":"https:\/\/www.sarlux.saras.it\/it\/il-modello-sarroch-nella-giornata-diocesana-del-lavoro\/","url":"https:\/\/www.sarlux.saras.it\/it\/il-modello-sarroch-nella-giornata-diocesana-del-lavoro\/","name":"Il &quot;modello Sarroch&quot; nella Giornata diocesana del Lavoro - Sarlux Saras | Refining & Power","isPartOf":{"@id":"https:\/\/www.sarlux.saras.it\/it\/#website"},"primaryImageOfPage":{"@id":"https:\/\/www.sarlux.saras.it\/it\/il-modello-sarroch-nella-giornata-diocesana-del-lavoro\/#primaryimage"},"image":{"@id":"https:\/\/www.sarlux.saras.it\/it\/il-modello-sarroch-nella-giornata-diocesana-del-lavoro\/#primaryimage"},"thumbnailUrl":"","datePublished":"2016-03-21T19:45:27+00:00","dateModified":"2017-12-01T13:26:33+00:00","breadcrumb":{"@id":"https:\/\/www.sarlux.saras.it\/it\/il-modello-sarroch-nella-giornata-diocesana-del-lavoro\/#breadcrumb"},"inLanguage":"it-IT","potentialAction":[{"@type":"ReadAction","target":["https:\/\/www.sarlux.saras.it\/it\/il-modello-sarroch-nella-giornata-diocesana-del-lavoro\/"]}]},{"@type":"ImageObject","inLanguage":"it-IT","@id":"https:\/\/www.sarlux.saras.it\/it\/il-modello-sarroch-nella-giornata-diocesana-del-lavoro\/#primaryimage","url":"","contentUrl":""},{"@type":"BreadcrumbList","@id":"https:\/\/www.sarlux.saras.it\/it\/il-modello-sarroch-nella-giornata-diocesana-del-lavoro\/#breadcrumb","itemListElement":[{"@type":"ListItem","position":1,"name":"Home","item":"https:\/\/www.sarlux.saras.it\/it\/"},{"@type":"ListItem","position":2,"name":"Il &quot;modello Sarroch&quot; nella Giornata diocesana del Lavoro"}]},{"@type":"WebSite","@id":"https:\/\/www.sarlux.saras.it\/it\/#website","url":"https:\/\/www.sarlux.saras.it\/it\/","name":"Sarlux","description":"","publisher":{"@id":"https:\/\/www.sarlux.saras.it\/it\/#organization"},"potentialAction":[{"@type":"SearchAction","target":{"@type":"EntryPoint","urlTemplate":"https:\/\/www.sarlux.saras.it\/it\/?s={search_term_string}"},"query-input":{"@type":"PropertyValueSpecification","valueRequired":true,"valueName":"search_term_string"}}],"inLanguage":"it-IT"},{"@type":"Organization","@id":"https:\/\/www.sarlux.saras.it\/it\/#organization","name":"Sarlux","url":"https:\/\/www.sarlux.saras.it\/it\/","logo":{"@type":"ImageObject","inLanguage":"it-IT","@id":"https:\/\/www.sarlux.saras.it\/it\/#\/schema\/logo\/image\/","url":"https:\/\/www.sarlux.saras.it\/wp-content\/uploads\/2017\/12\/logo-pc-1.png","contentUrl":"https:\/\/www.sarlux.saras.it\/wp-content\/uploads\/2017\/12\/logo-pc-1.png","width":184,"height":86,"caption":"Sarlux"},"image":{"@id":"https:\/\/www.sarlux.saras.it\/it\/#\/schema\/logo\/image\/"}},{"@type":"Person","@id":"https:\/\/www.sarlux.saras.it\/it\/#\/schema\/person\/bdb99fa4d691cca9dcdf7a04bca185c8","name":"Elisabetta Marongiu","image":{"@type":"ImageObject","inLanguage":"it-IT","@id":"https:\/\/secure.gravatar.com\/avatar\/b5d482e3eebd21f54b31387ebce7645a93699b5da9e3c3a7c894c8f30cd3e350?s=96&d=mm&r=g","url":"https:\/\/secure.gravatar.com\/avatar\/b5d482e3eebd21f54b31387ebce7645a93699b5da9e3c3a7c894c8f30cd3e350?s=96&d=mm&r=g","contentUrl":"https:\/\/secure.gravatar.com\/avatar\/b5d482e3eebd21f54b31387ebce7645a93699b5da9e3c3a7c894c8f30cd3e350?s=96&d=mm&r=g","caption":"Elisabetta Marongiu"},"url":""}]}},"_links":{"self":[{"href":"https:\/\/www.sarlux.saras.it\/it\/wp-json\/wp\/v2\/posts\/9719","targetHints":{"allow":["GET"]}}],"collection":[{"href":"https:\/\/www.sarlux.saras.it\/it\/wp-json\/wp\/v2\/posts"}],"about":[{"href":"https:\/\/www.sarlux.saras.it\/it\/wp-json\/wp\/v2\/types\/post"}],"author":[{"embeddable":true,"href":"https:\/\/www.sarlux.saras.it\/it\/wp-json\/wp\/v2\/users\/8"}],"replies":[{"embeddable":true,"href":"https:\/\/www.sarlux.saras.it\/it\/wp-json\/wp\/v2\/comments?post=9719"}],"version-history":[{"count":1,"href":"https:\/\/www.sarlux.saras.it\/it\/wp-json\/wp\/v2\/posts\/9719\/revisions"}],"predecessor-version":[{"id":524326,"href":"https:\/\/www.sarlux.saras.it\/it\/wp-json\/wp\/v2\/posts\/9719\/revisions\/524326"}],"wp:featuredmedia":[{"embeddable":true,"href":"https:\/\/www.sarlux.saras.it\/it\/wp-json\/"}],"wp:attachment":[{"href":"https:\/\/www.sarlux.saras.it\/it\/wp-json\/wp\/v2\/media?parent=9719"}],"wp:term":[{"taxonomy":"category","embeddable":true,"href":"https:\/\/www.sarlux.saras.it\/it\/wp-json\/wp\/v2\/categories?post=9719"},{"taxonomy":"post_tag","embeddable":true,"href":"https:\/\/www.sarlux.saras.it\/it\/wp-json\/wp\/v2\/tags?post=9719"}],"curies":[{"name":"wp","href":"https:\/\/api.w.org\/{rel}","templated":true}]}}